{"id":25082,"date":"2018-05-07T12:30:48","date_gmt":"2018-05-07T12:30:48","guid":{"rendered":"http:\/\/tv.dms3labs.cat\/todo-a-punto-para-la-celebracion-del-bpfest-la-gran-fiesta-de-la-musica-del-baix-penedes\/"},"modified":"2018-05-07T12:30:48","modified_gmt":"2018-05-07T12:30:48","slug":"todo-a-punto-para-la-celebracion-del-bpfest-la-gran-fiesta-de-la-musica-del-baix-penedes","status":"publish","type":"post","link":"https:\/\/www.elvendrellturisme.com\/es\/todo-a-punto-para-la-celebracion-del-bpfest-la-gran-fiesta-de-la-musica-del-baix-penedes\/","title":{"rendered":"Todo a punto para la celebraci\u00f3n del BPFest, la gran fiesta de la m\u00fasica del Baix Pened\u00e8s"},"content":{"rendered":"<p>Todo ya est\u00e1 a punto para la celebraci\u00f3n del BPFest (Baix Pened\u00e8s Festival), organizado por la Asociaci\u00f3n de M\u00fasicos del Baix Pened\u00e8s (AMBP) con el apoyo de la Concejal\u00eda de Cultura del Ayuntamiento de El Vendrell, que tendr\u00e1 lugar el pr\u00f3ximo s\u00e1bado 12 de mayo.<\/p>\n<p>El BPFest quiere convertirse en la gran fiesta de la m\u00fasica del Baix Pened\u00e8s para que los m\u00fasicos de la comarca salgan a la calle a presentar sus trabajos al p\u00fablico y los programadores.<\/p>\n","protected":false},"excerpt":{"rendered":"<p>Todo ya est\u00e1 a punto para la celebraci\u00f3n del BPFest (Baix Pened\u00e8s Festival), organizado por la Asociaci\u00f3n de M\u00fasicos del Baix Pened\u00e8s (AMBP) con el apoyo de la Concejal\u00eda de Cultura del Ayuntamiento de El Vendrell, que tendr\u00e1 lugar el pr\u00f3ximo s\u00e1bado 12 de mayo. El BPFest quiere convertirse en la gran fiesta de la [&hellip;]<\/p>\n","protected":false},"author":1,"featured_media":23660,"comment_status":"open","ping_status":"closed","sticky":false,"template":"","format":"standard","meta":{"_acf_changed":false,"_et_pb_use_builder":"","_et_pb_old_content":"","_et_gb_content_width":"","content-type":"","footnotes":""},"categories":[],"tags":[],"dipi_cpt_category":[],"class_list":["post-25082","post","type-post","status-publish","format-standard","has-post-thumbnail","hentry"],"acf":[],"_links":{"self":[{"href":"https:\/\/www.elvendrellturisme.com\/es\/wp-json\/wp\/v2\/posts\/25082","targetHints":{"allow":["GET"]}}],"collection":[{"href":"https:\/\/www.elvendrellturisme.com\/es\/wp-json\/wp\/v2\/posts"}],"about":[{"href":"https:\/\/www.elvendrellturisme.com\/es\/wp-json\/wp\/v2\/types\/post"}],"author":[{"embeddable":true,"href":"https:\/\/www.elvendrellturisme.com\/es\/wp-json\/wp\/v2\/users\/1"}],"replies":[{"embeddable":true,"href":"https:\/\/www.elvendrellturisme.com\/es\/wp-json\/wp\/v2\/comments?post=25082"}],"version-history":[{"count":0,"href":"https:\/\/www.elvendrellturisme.com\/es\/wp-json\/wp\/v2\/posts\/25082\/revisions"}],"wp:featuredmedia":[{"embeddable":true,"href":"https:\/\/www.elvendrellturisme.com\/es\/wp-json\/wp\/v2\/media\/23660"}],"wp:attachment":[{"href":"https:\/\/www.elvendrellturisme.com\/es\/wp-json\/wp\/v2\/media?parent=25082"}],"wp:term":[{"taxonomy":"category","embeddable":true,"href":"https:\/\/www.elvendrellturisme.com\/es\/wp-json\/wp\/v2\/categories?post=25082"},{"taxonomy":"post_tag","embeddable":true,"href":"https:\/\/www.elvendrellturisme.com\/es\/wp-json\/wp\/v2\/tags?post=25082"},{"taxonomy":"dipi_cpt_category","embeddable":true,"href":"https:\/\/www.elvendrellturisme.com\/es\/wp-json\/wp\/v2\/dipi_cpt_category?post=25082"}],"curies":[{"name":"wp","href":"https:\/\/api.w.org\/{rel}","templated":true}]}}