{"id":25083,"date":"2018-05-08T10:23:28","date_gmt":"2018-05-08T10:23:28","guid":{"rendered":"http:\/\/tv.dms3labs.cat\/la-ciencia-que-se-hace-en-los-centros-educativos-del-baix-penedes-vuelve-a-salir-a-la-calle\/"},"modified":"2018-05-08T10:23:28","modified_gmt":"2018-05-08T10:23:28","slug":"la-ciencia-que-se-hace-en-los-centros-educativos-del-baix-penedes-vuelve-a-salir-a-la-calle","status":"publish","type":"post","link":"https:\/\/www.elvendrellturisme.com\/es\/la-ciencia-que-se-hace-en-los-centros-educativos-del-baix-penedes-vuelve-a-salir-a-la-calle\/","title":{"rendered":"La ciencia que se hace en los centros educativos del Baix Pened\u00e8s vuelve a salir a la calle"},"content":{"rendered":"<p>El pr\u00f3ximo s\u00e1bado 12 de mayo, por la tarde, en la plaza Nova, tendr\u00e1 lugar la segunda edici\u00f3n de la feria &quot;Llevamos la ciencia a la calle&quot;.<\/p>\n<p>Esta actividad surgi\u00f3 a partir de la iniciativa de la Escuela Pau Casals de El Vendrell, que tiene experiencia en la organizaci\u00f3n de ferias de ciencia en su centro, y desde los Servicios Educativos del Baix Pened\u00e8s se crey\u00f3 oportuno organizar una feria de ciencia y tecnolog\u00eda en la calle con la participaci\u00f3n activa del alumnado y profesorado de los centros educativos de la comarca, que cuenta con la colaboraci\u00f3n del Ayuntamiento de el Vendrell.<\/p>\n<p>Este a\u00f1o, el Comit\u00e9 organizador est\u00e1 formado por los Servicios Educativos del Baix Pened\u00e8s, la Escuela Pau Casals, el instituto de L&#8217;Arbo\u00e7, el instituto Coster de la Torre, La Parellada y el colegio Sagrat Cor. Y respecto a la primera edici\u00f3n del a\u00f1o pasado, ha habido un incremento de participaci\u00f3n del 33% con 15 centros educativos participantes, 32 proyectos y 50 docentes.<\/p>\n<p>El objetivo de esta feria es dar a conocer la ciencia que se hace en los centros educativos y en la sociedad en general, y tambi\u00e9n estimular los estudios cient\u00edficos y tecnol\u00f3gicos para cubrir la demanda laboral que hay en estos \u00e1mbitos. Por ello, aparte de la presentaci\u00f3n de los proyectos que se hacen desde guarder\u00eda hasta el bachillerato, tambi\u00e9n habr\u00e1 divulgadores cient\u00edficos y talleres familiares.<\/p>\n<p>En el bloque https:\/\/blocs.xtec.cat\/portemlacienciaalcarrer\/programa se puede consultar el programa de actividades y los centros educativos que participan con sus proyectos.<\/p>\n","protected":false},"excerpt":{"rendered":"<p>El pr\u00f3ximo s\u00e1bado 12 de mayo, por la tarde, en la plaza Nova, tendr\u00e1 lugar la segunda edici\u00f3n de la feria &quot;Llevamos la ciencia a la calle&quot;. Esta actividad surgi\u00f3 a partir de la iniciativa de la Escuela Pau Casals de El Vendrell, que tiene experiencia en la organizaci\u00f3n de ferias de ciencia en su [&hellip;]<\/p>\n","protected":false},"author":1,"featured_media":23662,"comment_status":"open","ping_status":"closed","sticky":false,"template":"","format":"standard","meta":{"_acf_changed":false,"_et_pb_use_builder":"","_et_pb_old_content":"","_et_gb_content_width":"","content-type":"","footnotes":""},"categories":[],"tags":[],"dipi_cpt_category":[],"class_list":["post-25083","post","type-post","status-publish","format-standard","has-post-thumbnail","hentry"],"acf":[],"_links":{"self":[{"href":"https:\/\/www.elvendrellturisme.com\/es\/wp-json\/wp\/v2\/posts\/25083","targetHints":{"allow":["GET"]}}],"collection":[{"href":"https:\/\/www.elvendrellturisme.com\/es\/wp-json\/wp\/v2\/posts"}],"about":[{"href":"https:\/\/www.elvendrellturisme.com\/es\/wp-json\/wp\/v2\/types\/post"}],"author":[{"embeddable":true,"href":"https:\/\/www.elvendrellturisme.com\/es\/wp-json\/wp\/v2\/users\/1"}],"replies":[{"embeddable":true,"href":"https:\/\/www.elvendrellturisme.com\/es\/wp-json\/wp\/v2\/comments?post=25083"}],"version-history":[{"count":0,"href":"https:\/\/www.elvendrellturisme.com\/es\/wp-json\/wp\/v2\/posts\/25083\/revisions"}],"wp:featuredmedia":[{"embeddable":true,"href":"https:\/\/www.elvendrellturisme.com\/es\/wp-json\/wp\/v2\/media\/23662"}],"wp:attachment":[{"href":"https:\/\/www.elvendrellturisme.com\/es\/wp-json\/wp\/v2\/media?parent=25083"}],"wp:term":[{"taxonomy":"category","embeddable":true,"href":"https:\/\/www.elvendrellturisme.com\/es\/wp-json\/wp\/v2\/categories?post=25083"},{"taxonomy":"post_tag","embeddable":true,"href":"https:\/\/www.elvendrellturisme.com\/es\/wp-json\/wp\/v2\/tags?post=25083"},{"taxonomy":"dipi_cpt_category","embeddable":true,"href":"https:\/\/www.elvendrellturisme.com\/es\/wp-json\/wp\/v2\/dipi_cpt_category?post=25083"}],"curies":[{"name":"wp","href":"https:\/\/api.w.org\/{rel}","templated":true}]}}