{"id":25084,"date":"2018-05-08T13:03:16","date_gmt":"2018-05-08T13:03:16","guid":{"rendered":"http:\/\/tv.dms3labs.cat\/pianistas-del-conservatorio-de-musica-de-cervera-el-sabado-en-el-auditorio-pau-casals\/"},"modified":"2018-05-08T13:03:16","modified_gmt":"2018-05-08T13:03:16","slug":"pianistas-del-conservatorio-de-musica-de-cervera-el-sabado-en-el-auditorio-pau-casals","status":"publish","type":"post","link":"https:\/\/www.elvendrellturisme.com\/es\/pianistas-del-conservatorio-de-musica-de-cervera-el-sabado-en-el-auditorio-pau-casals\/","title":{"rendered":"Pianistas del Conservatorio de M\u00fasica de Cervera, el s\u00e1bado en el Auditorio Pau Casals"},"content":{"rendered":"<p>La programaci\u00f3n del Temporada contin\u00faa este fin de semana con un nuevo concierto, en este caso, en el Auditorio Pau Casals, donde el piano ser\u00e1 el \u00fanico protagonista.<br \/>\nEl Conservatorio de M\u00fasica de Cervera ofrece el pr\u00f3ximo s\u00e1bado 12 de mayo (20.30h) un concierto con una selecci\u00f3n de alumnos de piano de grado profesional del centro. Laura Farr\u00e9, Mihaela Floruc, Olga Floruc, Lautaro Montt, S\u00f2nia Piqu\u00e9, Gal\u00b7la Sisquella y Lidia Soldevila ofrecer\u00e1n obras de Beethoven, Chopin, Alb\u00e9niz y Liszt, entre otros.<br \/>\nEl Conservatorio Municipal de M\u00fasica de Cervera fue creado en 1980 como Escuela Municipal de M\u00fasica y reconocido oficialmente en 1984 como Conservatorio Elemental. Obtuvo varias ampliaciones de nivel acad\u00e9mico, y a partir de la LOGSE, se imparten los cursos de iniciaci\u00f3n, nivel elemental y nivel profesional.<\/p>\n<p>Su finalidad, desde el primer d\u00eda, ha sido ofrecer la ense\u00f1anza de la m\u00fasica para todos los que quieren acercarse a este lenguaje art\u00edstico y disfrutar del canto y de la pr\u00e1ctica de alg\u00fan instrumento, as\u00ed como llegar a la formaci\u00f3n de coros y de diferentes agrupaciones instrumentales. El claustro de profesores ha puesto las bases para una formaci\u00f3n amplia y rigurosa que permita conocer y disfrutar de la m\u00fasica adem\u00e1s de acceder, en su caso, a niveles superiores.<\/p>\n<p>Cervera ha convertido en un centro dinamizador de cultura musical tanto en la propia demarcaci\u00f3n, como a nivel de pa\u00eds, a trav\u00e9s del Curso Internacional de M\u00fasica, que se celebra en verano y que se organiza conjuntamente con la C\u00e1tedra de M\u00fasica Emili Pujol.<\/p>\n<p>El departamento de piano ha sido siempre bastante activo dentro del Conservatorio, buscando motivaciones para su alumnado: intercambios, audiciones, proyectos en com\u00fan con otros centros -como recientemente la First Global Granados Marathon llevada a cabo a nivel mundial- y actividades que acerquen tambi\u00e9n el piano a la sociedad -como las sesiones did\u00e1cticas Maria Canals trae cola en Cervera, por donde pasan m\u00e1s de un millar de j\u00f3venes y mayores cada a\u00f1o.<\/p>\n<p>Para comprar las entradas, hay que dirigirse a la Concejal\u00eda de Cultura (La Rambla), o en el tel\u00e9fono 977 665 684 (de 10 a 14h), o bien a trav\u00e9s de la web www.ticketea.com.<\/p>\n","protected":false},"excerpt":{"rendered":"<p>La programaci\u00f3n del Temporada contin\u00faa este fin de semana con un nuevo concierto, en este caso, en el Auditorio Pau Casals, donde el piano ser\u00e1 el \u00fanico protagonista. El Conservatorio de M\u00fasica de Cervera ofrece el pr\u00f3ximo s\u00e1bado 12 de mayo (20.30h) un concierto con una selecci\u00f3n de alumnos de piano de grado profesional del [&hellip;]<\/p>\n","protected":false},"author":1,"featured_media":23664,"comment_status":"open","ping_status":"closed","sticky":false,"template":"","format":"standard","meta":{"_acf_changed":false,"_et_pb_use_builder":"","_et_pb_old_content":"","_et_gb_content_width":"","content-type":"","footnotes":""},"categories":[],"tags":[],"dipi_cpt_category":[],"class_list":["post-25084","post","type-post","status-publish","format-standard","has-post-thumbnail","hentry"],"acf":[],"_links":{"self":[{"href":"https:\/\/www.elvendrellturisme.com\/es\/wp-json\/wp\/v2\/posts\/25084","targetHints":{"allow":["GET"]}}],"collection":[{"href":"https:\/\/www.elvendrellturisme.com\/es\/wp-json\/wp\/v2\/posts"}],"about":[{"href":"https:\/\/www.elvendrellturisme.com\/es\/wp-json\/wp\/v2\/types\/post"}],"author":[{"embeddable":true,"href":"https:\/\/www.elvendrellturisme.com\/es\/wp-json\/wp\/v2\/users\/1"}],"replies":[{"embeddable":true,"href":"https:\/\/www.elvendrellturisme.com\/es\/wp-json\/wp\/v2\/comments?post=25084"}],"version-history":[{"count":0,"href":"https:\/\/www.elvendrellturisme.com\/es\/wp-json\/wp\/v2\/posts\/25084\/revisions"}],"wp:featuredmedia":[{"embeddable":true,"href":"https:\/\/www.elvendrellturisme.com\/es\/wp-json\/wp\/v2\/media\/23664"}],"wp:attachment":[{"href":"https:\/\/www.elvendrellturisme.com\/es\/wp-json\/wp\/v2\/media?parent=25084"}],"wp:term":[{"taxonomy":"category","embeddable":true,"href":"https:\/\/www.elvendrellturisme.com\/es\/wp-json\/wp\/v2\/categories?post=25084"},{"taxonomy":"post_tag","embeddable":true,"href":"https:\/\/www.elvendrellturisme.com\/es\/wp-json\/wp\/v2\/tags?post=25084"},{"taxonomy":"dipi_cpt_category","embeddable":true,"href":"https:\/\/www.elvendrellturisme.com\/es\/wp-json\/wp\/v2\/dipi_cpt_category?post=25084"}],"curies":[{"name":"wp","href":"https:\/\/api.w.org\/{rel}","templated":true}]}}