{"id":25088,"date":"2018-05-16T09:03:06","date_gmt":"2018-05-16T09:03:06","guid":{"rendered":"http:\/\/tv.dms3labs.cat\/asi-sonaran-las-noches-de-la-fiesta-mayor-de-el-vendrell-2018\/"},"modified":"2018-05-16T09:03:06","modified_gmt":"2018-05-16T09:03:06","slug":"asi-sonaran-las-noches-de-la-fiesta-mayor-de-el-vendrell-2018","status":"publish","type":"post","link":"https:\/\/www.elvendrellturisme.com\/es\/asi-sonaran-las-noches-de-la-fiesta-mayor-de-el-vendrell-2018\/","title":{"rendered":"As\u00ed sonar\u00e1n las noches de la Fiesta Mayor de El Vendrell 2018"},"content":{"rendered":"<p>Una veintena de bandas y orquestas para todos los gustos llenar\u00e1n de m\u00fasica, baile y fiesta las noches de Santa Ana, del 25 al 28 de julio. Desvelado uno de los grandes misterios de la Fiesta Mayor de El Vendrell: si hace unos d\u00edas conoc\u00edamos la imagen gr\u00e1fica, el viernes los administradores daban a conocer las bandas que pondr\u00e1n m\u00fasica a los 4 d\u00edas de fiesta en un acto en la plaza de las Garrofes el pasado viernes.<\/p>\n<p>En el cartel encontramos bandas como los Sirex y Mustang, la Sidral Brass Band, Xavi Sarri\u00e0, Tremenda Jaur\u00eda, Boikot, Gertrudis y Joan Rovira; grupos con sello local como Six in Town, Sam Scares o La Desbandada, grupos de versiones como los Albercocks o los Versi\u00f3n Imposible, dos grandes orquestas, La Chatta y la orquesta Nueva Etapa, y Djs para cerrar las noches: La Cara B DJ set, DJ Sendo y las Malandras Djs.<\/p>\n<p>Estilos muy diversos, con propuestas rockeras, de rumba, canci\u00f3n de autor, pop, rockabilly, metal, cumbia y reggeton, mezclas de reggae, ska, m\u00fasica tradicional y hardcore, y orquestas que ofrecer\u00e1n un repertorio diverso, con versiones de todo tipo para un p\u00fablico heterog\u00e9neo. <\/p>\n<p>Los conciertos d\u00eda a d\u00eda<br \/>\nLa Fiesta Mayor de El Vendrell dar\u00e1 el disparo de salida el mi\u00e9rcoles 25 de julio. Por la noche, propuesta itinerante con la penedesenca Sidral Brass Band. Por la noche, y rompiendo esquemas, una \u00fanica propuesta con la voluntad de unir generaciones en un espacio emblem\u00e1tico como es la Rambla. Inaugurar\u00e1n la noche dos cl\u00e1sicos, Sirex y Mustang, seguidos de los rockeros Versi\u00f3n Imposible y, quien cerrar\u00e1 la primera noche de Fiesta Mayor ser\u00e1n La Cara B DJ set.<\/p>\n<p>La noche de Santa Ana, despu\u00e9s del encendido del campanario, vuelve la orquesta La Chatta, encargada tambi\u00e9n del baile de tarde. Y en la zona del Botafoc, concierto con el rockabilly de los Six in Town, la nueva propuesta de la ex cantante de Obrint Pas Xavi Sarri\u00e0 y su banda, los ritmos tropicales y el reggeton feminista de las madrile\u00f1as Tremenda Jaur\u00eda y el DJ Sendo.<\/p>\n<p>La noche del viernes 27 contar\u00e1 con la gran Orquesta Nueva Etapa, de Pamplona, \u200b\u200ben la Rambla. Y al Botafoc, noche con doble propuesta local: el grupo de metal Sam Scares y el rock de la Desbandada acompa\u00f1ados de la m\u00edtica banda Boikot con un impresionante directo. El colof\u00f3n festivo del viernes lo pondr\u00e1n las Malandras DJs.<\/p>\n<p>Y el \u00faltimo d\u00eda de Fiesta Mayor cerrar\u00e1, como es habitual con Habaneras en la Rambla, con el grupo Arjau. El concierto deja la plaza Nova de los \u00faltimos a\u00f1os y nos convoca tambi\u00e9n al Botafoc con la m\u00fasica de Joan Rovira y su banda, Gertrudis y el grupo de versiones Albercocks.<\/p>\n<p>El acto de presentaci\u00f3n de las noches de Santa Ana cont\u00f3 con una guinda final: los Sam Scares, la banda local de heavy metal, ofreci\u00f3 algunos temas en ac\u00fastico para ir abriendo boca hacia la Fiesta Mayor.<\/p>\n<p>La Mulassa Feixuga, primer recortable de este a\u00f1o<\/p>\n<p>Adem\u00e1s de presentar las propuestas musicales, los administradores sorprendieron el viernes con el primer recortable de este a\u00f1o, una figura que da continuidad a la colecci\u00f3n impulsada por los anteriores administradores. El primer recortable a sumarse este a\u00f1o es el de la Mulassa Feixuga que lleg\u00f3 acompa\u00f1ada de los tamborileros.<br \/>\nLa Mulassa, disponible en color y en blanco y negro para colorear, ha sido dise\u00f1ada por el ilustrador local Jordi Beltran y se puede adquirir en la concejal\u00eda de cultura (en la Rambla de El Vendrell), en la oficina del Centro de Iniciativas y Turismo y en la oficina de Turismo de Comarruga.<\/p>\n","protected":false},"excerpt":{"rendered":"<p>Una veintena de bandas y orquestas para todos los gustos llenar\u00e1n de m\u00fasica, baile y fiesta las noches de Santa Ana, del 25 al 28 de julio. Desvelado uno de los grandes misterios de la Fiesta Mayor de El Vendrell: si hace unos d\u00edas conoc\u00edamos la imagen gr\u00e1fica, el viernes los administradores daban a conocer [&hellip;]<\/p>\n","protected":false},"author":1,"featured_media":23672,"comment_status":"open","ping_status":"closed","sticky":false,"template":"","format":"standard","meta":{"_acf_changed":false,"_et_pb_use_builder":"","_et_pb_old_content":"","_et_gb_content_width":"","content-type":"","footnotes":""},"categories":[],"tags":[],"dipi_cpt_category":[],"class_list":["post-25088","post","type-post","status-publish","format-standard","has-post-thumbnail","hentry"],"acf":[],"_links":{"self":[{"href":"https:\/\/www.elvendrellturisme.com\/es\/wp-json\/wp\/v2\/posts\/25088","targetHints":{"allow":["GET"]}}],"collection":[{"href":"https:\/\/www.elvendrellturisme.com\/es\/wp-json\/wp\/v2\/posts"}],"about":[{"href":"https:\/\/www.elvendrellturisme.com\/es\/wp-json\/wp\/v2\/types\/post"}],"author":[{"embeddable":true,"href":"https:\/\/www.elvendrellturisme.com\/es\/wp-json\/wp\/v2\/users\/1"}],"replies":[{"embeddable":true,"href":"https:\/\/www.elvendrellturisme.com\/es\/wp-json\/wp\/v2\/comments?post=25088"}],"version-history":[{"count":0,"href":"https:\/\/www.elvendrellturisme.com\/es\/wp-json\/wp\/v2\/posts\/25088\/revisions"}],"wp:featuredmedia":[{"embeddable":true,"href":"https:\/\/www.elvendrellturisme.com\/es\/wp-json\/wp\/v2\/media\/23672"}],"wp:attachment":[{"href":"https:\/\/www.elvendrellturisme.com\/es\/wp-json\/wp\/v2\/media?parent=25088"}],"wp:term":[{"taxonomy":"category","embeddable":true,"href":"https:\/\/www.elvendrellturisme.com\/es\/wp-json\/wp\/v2\/categories?post=25088"},{"taxonomy":"post_tag","embeddable":true,"href":"https:\/\/www.elvendrellturisme.com\/es\/wp-json\/wp\/v2\/tags?post=25088"},{"taxonomy":"dipi_cpt_category","embeddable":true,"href":"https:\/\/www.elvendrellturisme.com\/es\/wp-json\/wp\/v2\/dipi_cpt_category?post=25088"}],"curies":[{"name":"wp","href":"https:\/\/api.w.org\/{rel}","templated":true}]}}