{"id":25095,"date":"2018-05-28T13:49:45","date_gmt":"2018-05-28T13:49:45","guid":{"rendered":"http:\/\/tv.dms3labs.cat\/la-sala-portal-del-pardo-acoge-la-exposicion-de-los-trabajos-de-las-aulas-artisticas-y-la-escuela-municipal-de-arte-apel%c2%b7les-fenosa\/"},"modified":"2018-05-28T13:49:45","modified_gmt":"2018-05-28T13:49:45","slug":"la-sala-portal-del-pardo-acoge-la-exposicion-de-los-trabajos-de-las-aulas-artisticas-y-la-escuela-municipal-de-arte-apel%c2%b7les-fenosa","status":"publish","type":"post","link":"https:\/\/www.elvendrellturisme.com\/es\/la-sala-portal-del-pardo-acoge-la-exposicion-de-los-trabajos-de-las-aulas-artisticas-y-la-escuela-municipal-de-arte-apel%c2%b7les-fenosa\/","title":{"rendered":"La Sala Portal del Pardo acoge la exposici\u00f3n de los trabajos de las Aulas Art\u00edsticas y la Escuela Municipal de Arte Apel\u00b7les Fenosa"},"content":{"rendered":"<p>Continuando la voluntad de programar una oferta lo m\u00e1s variada posible de talleres de formaci\u00f3n art\u00edstica, la Escuela Municipal de Arte Apel\u00b7les Fenosa y las Aulas art\u00edsticas municipales proponen tres exposiciones donde se muestran las obras de los alumnos de este curso 2017\/18 .<\/p>\n<p>El curso del Aula de Cer\u00e1mica, a cargo de Camil\u00b7la P\u00e9rez Salv\u00e0, incluye talleres de creaci\u00f3n con el barro como material de expresi\u00f3n art\u00edstica para peque\u00f1os y grandes. Tambi\u00e9n permite a los alumnos experimentar con el barro con la ayuda de otros materiales como pinturas, esmaltes &#8230; Una muestra de sus trabajos se podr\u00e1n ver a partir de este viernes 1 de junio en la Sala Portal del Pardo. La exposici\u00f3n de las obras de los alumnos del Aula de Cer\u00e1mica inaugurar\u00e1 a las 20h y se podr\u00e1 visitar hasta el 16 de junio.<\/p>\n<p>Por otra parte, el Aula Fenosiana de Escultura, a cargo de Philippe Lavaill, se centra en el trabajo de investigaci\u00f3n y creaci\u00f3n sobre tres grandes ejes: el trabajo postural y gestual; los elementos de la cultura popular, y el modelado. Las obras de sus alumnos se podr\u00e1n visitar en la Sala del Portal del Pardo a partir del 8 de junio, con una inauguraci\u00f3n a las 20h, y permanecer\u00e1 abierta hasta el 23 de junio.<\/p>\n<p>Y la Escuela Municipal de Arte Apel\u00b7les Fenosa, a cargo de Dolores Escot\u00e9 y Joaqu\u00edn Mil\u00e1n, especializada en la t\u00e9cnica art\u00edstica del dibujo, la pintura y el esmalte, es un espacio de aprendizaje continuo y progresivo, que vela para sean respetadas las capacidades y las necesidades de cada uno a trav\u00e9s de la atenci\u00f3n individualizada. La muestra incluye los trabajos del proyecto interdisciplinario de pl\u00e1stica en las escuelas, con la participaci\u00f3n de los centros educativos p\u00fablicos \u00c0ngels Garriga, Teresina Martorell y Garb\u00ed. La exposici\u00f3n de los trabajos de los alumnos de la Escuela Municipal de Arte Apel\u00b7les Fenosa inaugurar\u00e1 el d\u00eda 20 de junio, a las 18h, en la Sala del Portal del Pardo y se podr\u00e1 visitar hasta el 7 de julio.<\/p>\n<p>La pr\u00e1ctica de actividades art\u00edsticas proporciona una forma de disfrutar y de conocer el mundo, facilita herramientas de estudio y de reflexi\u00f3n de la realidad, ayuda a incrementar la capacidad y las ganas de expresarse, potencia la autoestima a partir de la valoraci\u00f3n de los propios trabajos y el respeto hacia los trabajos de los dem\u00e1s. Todo esto se obtiene a partir de trabajos pr\u00e1cticos y vivenciales.<\/p>\n<p>El horario de las tres exposiciones ser\u00e1 el mismo: de lunes a viernes de 18h a 20.30h; s\u00e1bados de 11h a 13h y de 18h a 20.30h. Los domingos y festivos la sala est\u00e1 cerrada.<\/p>\n","protected":false},"excerpt":{"rendered":"<p>Continuando la voluntad de programar una oferta lo m\u00e1s variada posible de talleres de formaci\u00f3n art\u00edstica, la Escuela Municipal de Arte Apel\u00b7les Fenosa y las Aulas art\u00edsticas municipales proponen tres exposiciones donde se muestran las obras de los alumnos de este curso 2017\/18 . El curso del Aula de Cer\u00e1mica, a cargo de Camil\u00b7la P\u00e9rez [&hellip;]<\/p>\n","protected":false},"author":1,"featured_media":23685,"comment_status":"open","ping_status":"closed","sticky":false,"template":"","format":"standard","meta":{"_acf_changed":false,"_et_pb_use_builder":"","_et_pb_old_content":"","_et_gb_content_width":"","content-type":"","footnotes":""},"categories":[],"tags":[],"dipi_cpt_category":[],"class_list":["post-25095","post","type-post","status-publish","format-standard","has-post-thumbnail","hentry"],"acf":[],"_links":{"self":[{"href":"https:\/\/www.elvendrellturisme.com\/es\/wp-json\/wp\/v2\/posts\/25095","targetHints":{"allow":["GET"]}}],"collection":[{"href":"https:\/\/www.elvendrellturisme.com\/es\/wp-json\/wp\/v2\/posts"}],"about":[{"href":"https:\/\/www.elvendrellturisme.com\/es\/wp-json\/wp\/v2\/types\/post"}],"author":[{"embeddable":true,"href":"https:\/\/www.elvendrellturisme.com\/es\/wp-json\/wp\/v2\/users\/1"}],"replies":[{"embeddable":true,"href":"https:\/\/www.elvendrellturisme.com\/es\/wp-json\/wp\/v2\/comments?post=25095"}],"version-history":[{"count":0,"href":"https:\/\/www.elvendrellturisme.com\/es\/wp-json\/wp\/v2\/posts\/25095\/revisions"}],"wp:featuredmedia":[{"embeddable":true,"href":"https:\/\/www.elvendrellturisme.com\/es\/wp-json\/wp\/v2\/media\/23685"}],"wp:attachment":[{"href":"https:\/\/www.elvendrellturisme.com\/es\/wp-json\/wp\/v2\/media?parent=25095"}],"wp:term":[{"taxonomy":"category","embeddable":true,"href":"https:\/\/www.elvendrellturisme.com\/es\/wp-json\/wp\/v2\/categories?post=25095"},{"taxonomy":"post_tag","embeddable":true,"href":"https:\/\/www.elvendrellturisme.com\/es\/wp-json\/wp\/v2\/tags?post=25095"},{"taxonomy":"dipi_cpt_category","embeddable":true,"href":"https:\/\/www.elvendrellturisme.com\/es\/wp-json\/wp\/v2\/dipi_cpt_category?post=25095"}],"curies":[{"name":"wp","href":"https:\/\/api.w.org\/{rel}","templated":true}]}}