{"id":25096,"date":"2018-05-31T08:51:06","date_gmt":"2018-05-31T08:51:06","guid":{"rendered":"http:\/\/tv.dms3labs.cat\/la-orquesta-de-la-emmpac-cierra-la-programacion-del-temporada\/"},"modified":"2018-05-31T08:51:06","modified_gmt":"2018-05-31T08:51:06","slug":"la-orquesta-de-la-emmpac-cierra-la-programacion-del-temporada","status":"publish","type":"post","link":"https:\/\/www.elvendrellturisme.com\/es\/la-orquesta-de-la-emmpac-cierra-la-programacion-del-temporada\/","title":{"rendered":"La Orquesta de la EMMPAC cierra la programaci\u00f3n del &quot;Temporada&quot;"},"content":{"rendered":"<p>La \u00faltima cita con el &quot;Temporada&quot; de este semestre es este domingo en el Auditorio Pau Casals, donde los alumnos de la Escuela Municipal de M\u00fasica Pau Casals presentan &quot;El Arl\u00e9sienne al Vendrell &#8216;. El concierto correr\u00e1 a cargo de la Orquesta de la EMMPAC, con las alumnas premiadas a la Beca Agust\u00ed Coh\u00ed Grado 2017, Bruna Escol\u00e0 y Gemma Vigo. Las dos j\u00f3venes interpretar\u00e1n obras de Bizet, Bart\u00f3k, Fukushima y Debussy, entre otros.<\/p>\n<p>La Orquesta de la EMMPAC est\u00e1 formada por unos treinta instrumentistas de cuerda y viento que est\u00e1n estudiando o han finalizado los estudios de nivel medio.<\/p>\n<p>El repertorio de la orquesta abarca todos los estilos y \u00e9pocas, haciendo especial \u00e9nfasis en el periodo cl\u00e1sico y en autores catalanes.<\/p>\n<p>El calendario de la orquesta est\u00e1 organizado por cuatrimestres, al final de los cuales se hace un concierto abierto al p\u00fablico. Adem\u00e1s, peri\u00f3dicamente, se hacen conciertos e intercambios con otros j\u00f3venes orquestas para enriquecer la experiencia personal y musical de los componentes. La orquesta fue fundada y dirigida por Albert Sol\u00e9 Gal\u00ed, que fue el director del a\u00f1o 1990 a 2007, a\u00f1o en el que Xavier Pag\u00e8s y Corella tom\u00f3 el relevo. Desde el 2016 la orquesta est\u00e1 dirigida por Ra\u00fal Lacilla Crespo.<\/p>\n<p>La Bruna Escol\u00e0 naci\u00f3 en 1999 en Barcelona. Comenz\u00f3 sus estudios musicales en la Escuela de M\u00fasicos y JPC donde estudi\u00f3 grado profesional y actualmente estudia fagot. Ha sido galardonada con varios premios, entre ellos la Beca de la fundaci\u00f3n Ferrer-Salat para realizar sus estudios superiores de guitarra. Actualmente estudia 1\u00ba curso de Interpretaci\u00f3n de m\u00fasica cl\u00e1sica en el Conservatorio Superior del Liceo con el profesor Guillem P\u00e9rez-Quer.<\/p>\n<p>Gemma Vigo Mitjans tambi\u00e9n comenz\u00f3 sus estudios musicales en la Escuela Municipal de M\u00fasica Pau Casals, donde se especializa en los instrumentos de flauta travesera y piano. Ha obtenido reconocimientos en diferentes ediciones de la Muestra de J\u00f3venes Int\u00e9rpretes del EMMPAC a nivel individual y m\u00fasica de c\u00e1mara; tambi\u00e9n ha obtenido el tercer premio del Concurso de C\u00e1mara con Guitarra en Badalona. Actualmente estudia en el Instituto Escuela Art\u00edstico Oriol Martorell de Barcelona.<\/p>\n<p>La venta de entradas tendr\u00e1 el formato habitual: a trav\u00e9s de la web www.ticketea.com, en la Concejal\u00eda de Cultura (La Rambla, 24), y en el mismo Auditorio Pau Casals, una hora antes del concierto.<\/p>\n<p>CONCIERTO ESCUELA MUNICIPAL DE M\u00daSICA PAU CASALS<br \/>\nDomingo 3 de junio<br \/>\nLugar: Auditorio Pau Casals<br \/>\nHora: 12 h<br \/>\nPrecio: 6 \u20ac<br \/>\nPrecio con descuento: 4 \u20ac<\/p>\n","protected":false},"excerpt":{"rendered":"<p>La \u00faltima cita con el &quot;Temporada&quot; de este semestre es este domingo en el Auditorio Pau Casals, donde los alumnos de la Escuela Municipal de M\u00fasica Pau Casals presentan &quot;El Arl\u00e9sienne al Vendrell &#8216;. El concierto correr\u00e1 a cargo de la Orquesta de la EMMPAC, con las alumnas premiadas a la Beca Agust\u00ed Coh\u00ed Grado [&hellip;]<\/p>\n","protected":false},"author":1,"featured_media":23687,"comment_status":"open","ping_status":"closed","sticky":false,"template":"","format":"standard","meta":{"_acf_changed":false,"_et_pb_use_builder":"","_et_pb_old_content":"","_et_gb_content_width":"","content-type":"","footnotes":""},"categories":[],"tags":[],"dipi_cpt_category":[],"class_list":["post-25096","post","type-post","status-publish","format-standard","has-post-thumbnail","hentry"],"acf":[],"_links":{"self":[{"href":"https:\/\/www.elvendrellturisme.com\/es\/wp-json\/wp\/v2\/posts\/25096","targetHints":{"allow":["GET"]}}],"collection":[{"href":"https:\/\/www.elvendrellturisme.com\/es\/wp-json\/wp\/v2\/posts"}],"about":[{"href":"https:\/\/www.elvendrellturisme.com\/es\/wp-json\/wp\/v2\/types\/post"}],"author":[{"embeddable":true,"href":"https:\/\/www.elvendrellturisme.com\/es\/wp-json\/wp\/v2\/users\/1"}],"replies":[{"embeddable":true,"href":"https:\/\/www.elvendrellturisme.com\/es\/wp-json\/wp\/v2\/comments?post=25096"}],"version-history":[{"count":0,"href":"https:\/\/www.elvendrellturisme.com\/es\/wp-json\/wp\/v2\/posts\/25096\/revisions"}],"wp:featuredmedia":[{"embeddable":true,"href":"https:\/\/www.elvendrellturisme.com\/es\/wp-json\/wp\/v2\/media\/23687"}],"wp:attachment":[{"href":"https:\/\/www.elvendrellturisme.com\/es\/wp-json\/wp\/v2\/media?parent=25096"}],"wp:term":[{"taxonomy":"category","embeddable":true,"href":"https:\/\/www.elvendrellturisme.com\/es\/wp-json\/wp\/v2\/categories?post=25096"},{"taxonomy":"post_tag","embeddable":true,"href":"https:\/\/www.elvendrellturisme.com\/es\/wp-json\/wp\/v2\/tags?post=25096"},{"taxonomy":"dipi_cpt_category","embeddable":true,"href":"https:\/\/www.elvendrellturisme.com\/es\/wp-json\/wp\/v2\/dipi_cpt_category?post=25096"}],"curies":[{"name":"wp","href":"https:\/\/api.w.org\/{rel}","templated":true}]}}