{"id":25097,"date":"2018-05-31T10:25:18","date_gmt":"2018-05-31T10:25:18","guid":{"rendered":"http:\/\/tv.dms3labs.cat\/el-shopping-night-del-vendrell-hace-tributo-al-rock\/"},"modified":"2018-05-31T10:25:18","modified_gmt":"2018-05-31T10:25:18","slug":"el-shopping-night-del-vendrell-hace-tributo-al-rock","status":"publish","type":"post","link":"https:\/\/www.elvendrellturisme.com\/es\/el-shopping-night-del-vendrell-hace-tributo-al-rock\/","title":{"rendered":"El Shopping Night del Vendrell hace tributo al rock"},"content":{"rendered":"<p>El s\u00e1bado 2 de junio, por la tarde, tendr\u00e1 lugar el Shopping Night del Vendrell organizado por el Centro de Iniciativas y Turismo (CIT) con el apoyo del Ayuntamiento de Vendrell, y este a\u00f1o las calles y establecimientos estar\u00e1n ambientados haciendo tributo al rock.<br \/>\nDesde las 8 de la tarde hasta las 12 de la medianoche, por las calles del centro, habr\u00e1 tiendas abiertas, promociones, degustaciones, descuentos, actuaciones en directo, ofertas en restauraci\u00f3n y photocall rockero.<\/p>\n<p>El fin de fiesta correr\u00e1 a cargo de los Administradores de Santa Ana con un concierto del grupo Zaping Catalonia. Tambi\u00e9n se aprovechar\u00e1 la ocasi\u00f3n para presentar merchandising de la Fiesta Mayor.<\/p>\n<p>Para m\u00e1s informaci\u00f3n: www.citvendrell.cat\/shopping-night<\/p>\n","protected":false},"excerpt":{"rendered":"<p>El s\u00e1bado 2 de junio, por la tarde, tendr\u00e1 lugar el Shopping Night del Vendrell organizado por el Centro de Iniciativas y Turismo (CIT) con el apoyo del Ayuntamiento de Vendrell, y este a\u00f1o las calles y establecimientos estar\u00e1n ambientados haciendo tributo al rock. Desde las 8 de la tarde hasta las 12 de la [&hellip;]<\/p>\n","protected":false},"author":1,"featured_media":23689,"comment_status":"open","ping_status":"closed","sticky":false,"template":"","format":"standard","meta":{"_acf_changed":false,"_et_pb_use_builder":"","_et_pb_old_content":"","_et_gb_content_width":"","content-type":"","footnotes":""},"categories":[],"tags":[],"dipi_cpt_category":[],"class_list":["post-25097","post","type-post","status-publish","format-standard","has-post-thumbnail","hentry"],"acf":[],"_links":{"self":[{"href":"https:\/\/www.elvendrellturisme.com\/es\/wp-json\/wp\/v2\/posts\/25097","targetHints":{"allow":["GET"]}}],"collection":[{"href":"https:\/\/www.elvendrellturisme.com\/es\/wp-json\/wp\/v2\/posts"}],"about":[{"href":"https:\/\/www.elvendrellturisme.com\/es\/wp-json\/wp\/v2\/types\/post"}],"author":[{"embeddable":true,"href":"https:\/\/www.elvendrellturisme.com\/es\/wp-json\/wp\/v2\/users\/1"}],"replies":[{"embeddable":true,"href":"https:\/\/www.elvendrellturisme.com\/es\/wp-json\/wp\/v2\/comments?post=25097"}],"version-history":[{"count":0,"href":"https:\/\/www.elvendrellturisme.com\/es\/wp-json\/wp\/v2\/posts\/25097\/revisions"}],"wp:featuredmedia":[{"embeddable":true,"href":"https:\/\/www.elvendrellturisme.com\/es\/wp-json\/wp\/v2\/media\/23689"}],"wp:attachment":[{"href":"https:\/\/www.elvendrellturisme.com\/es\/wp-json\/wp\/v2\/media?parent=25097"}],"wp:term":[{"taxonomy":"category","embeddable":true,"href":"https:\/\/www.elvendrellturisme.com\/es\/wp-json\/wp\/v2\/categories?post=25097"},{"taxonomy":"post_tag","embeddable":true,"href":"https:\/\/www.elvendrellturisme.com\/es\/wp-json\/wp\/v2\/tags?post=25097"},{"taxonomy":"dipi_cpt_category","embeddable":true,"href":"https:\/\/www.elvendrellturisme.com\/es\/wp-json\/wp\/v2\/dipi_cpt_category?post=25097"}],"curies":[{"name":"wp","href":"https:\/\/api.w.org\/{rel}","templated":true}]}}