{"id":25106,"date":"2018-06-13T10:21:20","date_gmt":"2018-06-13T10:21:20","guid":{"rendered":"http:\/\/tv.dms3labs.cat\/ya-han-comenzado-las-inscripciones-a-los-casals-de-verano\/"},"modified":"2018-06-13T10:21:20","modified_gmt":"2018-06-13T10:21:20","slug":"ya-han-comenzado-las-inscripciones-a-los-casals-de-verano","status":"publish","type":"post","link":"https:\/\/www.elvendrellturisme.com\/es\/ya-han-comenzado-las-inscripciones-a-los-casals-de-verano\/","title":{"rendered":"Ya han comenzado las inscripciones a los Casals de Verano"},"content":{"rendered":"<p>Ya se ha iniciado el periodo de inscripci\u00f3n a los Casals de Verano de El Vendrell y de Comarruga y al Pira&#8217;t Estiu, actividades que facilitan la conciliaci\u00f3n familiar, a la vez que ofrecen otra manera de aprender mediante el ocio.<\/p>\n<p>Las actividades de verano de El Vendrell y de Comarruga, organizadas por la Asociaci\u00f3n Tr\u00e8vol y el &quot;Esplai Zig-Zag&quot;, en colaboraci\u00f3n con la Concejal\u00eda de Infancia y Juventud del Ayuntamiento de El Vendrell, est\u00e1n dirigidas a los nacidos del a\u00f1o 2006 al 2014 (ambos incluidos) y se desarrollar\u00e1n del 2 de julio a 31 de agosto. Los Casals de Verano de El Vendrell y el &quot;Pira&#8217;t Estiu&quot; se realizar\u00e1n en la escuela Pau Casals y los de Comarruga en la escuela Els Secallets.<\/p>\n<p>Hasta el 22 de junio, las inscripciones de los Casals de Verano de El Vendrell y Pira&#8217;t Estiu se pueden hacer en el Centro c\u00edvico La Estaci\u00f3n de El Vendrell (av. Jaume Carner, 1) y de los Casals de Verano de Comarruga al centro C\u00edvico (av. Generalitat, s \/ n) y en la Asociaci\u00f3n Tr\u00e8vol (Cam\u00ed Real, 13-17).<\/p>\n<p>Las inscripciones se podr\u00e1n hacer por per\u00edodos semanales, con un horario de 9.30 h a 13.30 h, a lo largo del verano. Cada semana tiene un coste de 39 \u20ac y se bonifica el precio por cada quincena, que entonces tiene un coste de 70 \u20ac. Hay descuentos para familias numerosas.<\/p>\n<p>Tambi\u00e9n habr\u00e1 un servicio de acogida de 8 h a 9.30 h, el coste es de 10 \u20ac semanales, 19 \u20ac si es en semanas consecutivas.<\/p>\n<p>En cuanto al servicio de comedor, funciona como el criterio de precios por semana de las actividades: tiene un coste de 35 \u20ac por semana y, haciendo la inscripci\u00f3n de la segunda semana consecutiva, el coste ser\u00e1 de 60 \u20ac para dos semanas.<\/p>\n<p>El Pira&#8217;t Estiu es un proyecto dirigido a j\u00f3venes nacidos del a\u00f1o 2002 al 2005 (ambos incluidos). Dura tres semanas (del 2 al 20 de julio): las dos primeras semanas se realizar\u00e1n excursiones y la tercera se marchar\u00e1 cinco d\u00edas de acampada. El coste de esta actividad es de 160 \u20ac.<\/p>\n<p>Por otra parte, la Asociaci\u00f3n Tr\u00e8vol organiza unos centros de verano en el barrio de la Muntanyeta, en la Residencia de ancianos, en el que los ni\u00f1os compartir\u00e1n algunas de las actividades con los abuelos y abuelas residentes. Se llevar\u00e1 a cabo entre el 2 y el 31 de julio. <\/p>\n<p>En relaci\u00f3n al servicio de comedor, se colabora con la Concejal\u00eda de Servicios Sociales para dar continuidad a las ayudas que se dan durante el curso escolar para garantizar una comida a aquellos ni\u00f1os de familias con riesgo de exclusi\u00f3n social.<\/p>\n<p>https:\/\/www.elvendrell.net\/images\/stories\/noticies\/06-07_CASALS_ESTIU_EL_VENDRELL.pdf<\/p>\n<p>https:\/\/www.elvendrell.net\/images\/stories\/noticies\/06-07_Flyer_Casals_Coma-ruga_A4.pdf<\/p>\n","protected":false},"excerpt":{"rendered":"<p>Ya se ha iniciado el periodo de inscripci\u00f3n a los Casals de Verano de El Vendrell y de Comarruga y al Pira&#8217;t Estiu, actividades que facilitan la conciliaci\u00f3n familiar, a la vez que ofrecen otra manera de aprender mediante el ocio. Las actividades de verano de El Vendrell y de Comarruga, organizadas por la Asociaci\u00f3n [&hellip;]<\/p>\n","protected":false},"author":1,"featured_media":23707,"comment_status":"open","ping_status":"closed","sticky":false,"template":"","format":"standard","meta":{"_acf_changed":false,"_et_pb_use_builder":"","_et_pb_old_content":"","_et_gb_content_width":"","content-type":"","footnotes":""},"categories":[],"tags":[],"dipi_cpt_category":[],"class_list":["post-25106","post","type-post","status-publish","format-standard","has-post-thumbnail","hentry"],"acf":[],"_links":{"self":[{"href":"https:\/\/www.elvendrellturisme.com\/es\/wp-json\/wp\/v2\/posts\/25106","targetHints":{"allow":["GET"]}}],"collection":[{"href":"https:\/\/www.elvendrellturisme.com\/es\/wp-json\/wp\/v2\/posts"}],"about":[{"href":"https:\/\/www.elvendrellturisme.com\/es\/wp-json\/wp\/v2\/types\/post"}],"author":[{"embeddable":true,"href":"https:\/\/www.elvendrellturisme.com\/es\/wp-json\/wp\/v2\/users\/1"}],"replies":[{"embeddable":true,"href":"https:\/\/www.elvendrellturisme.com\/es\/wp-json\/wp\/v2\/comments?post=25106"}],"version-history":[{"count":0,"href":"https:\/\/www.elvendrellturisme.com\/es\/wp-json\/wp\/v2\/posts\/25106\/revisions"}],"wp:featuredmedia":[{"embeddable":true,"href":"https:\/\/www.elvendrellturisme.com\/es\/wp-json\/wp\/v2\/media\/23707"}],"wp:attachment":[{"href":"https:\/\/www.elvendrellturisme.com\/es\/wp-json\/wp\/v2\/media?parent=25106"}],"wp:term":[{"taxonomy":"category","embeddable":true,"href":"https:\/\/www.elvendrellturisme.com\/es\/wp-json\/wp\/v2\/categories?post=25106"},{"taxonomy":"post_tag","embeddable":true,"href":"https:\/\/www.elvendrellturisme.com\/es\/wp-json\/wp\/v2\/tags?post=25106"},{"taxonomy":"dipi_cpt_category","embeddable":true,"href":"https:\/\/www.elvendrellturisme.com\/es\/wp-json\/wp\/v2\/dipi_cpt_category?post=25106"}],"curies":[{"name":"wp","href":"https:\/\/api.w.org\/{rel}","templated":true}]}}