{"id":25109,"date":"2018-06-21T15:54:21","date_gmt":"2018-06-21T15:54:21","guid":{"rendered":"http:\/\/tv.dms3labs.cat\/el-fangart-2018-cierra-con-una-valoracion-positiva-de-los-ceramistas-participantes-y-mucha-afluencia-de-publico\/"},"modified":"2018-06-21T15:54:21","modified_gmt":"2018-06-21T15:54:21","slug":"el-fangart-2018-cierra-con-una-valoracion-positiva-de-los-ceramistas-participantes-y-mucha-afluencia-de-publico","status":"publish","type":"post","link":"https:\/\/www.elvendrellturisme.com\/es\/el-fangart-2018-cierra-con-una-valoracion-positiva-de-los-ceramistas-participantes-y-mucha-afluencia-de-publico\/","title":{"rendered":"El FangArt 2018 cierra con una valoraci\u00f3n positiva de los ceramistas participantes y mucha afluencia de p\u00fablico"},"content":{"rendered":"<p>La plaza de Sant Salvador y el paseo mar\u00edtimo Joan Revent\u00f3s han vuelto a ser el epicentro, por segundo a\u00f1o consecutivo, del Festival FangArt. Durante el viernes 15, s\u00e1bado 16 y domingo 17 de julio, el mundo de la cer\u00e1mica se ha convertido en el protagonista de un festival que pretende ser un punto de encuentro y enriquecimiento para los profesionales de este arte como tambi\u00e9n una cita atractiva para al p\u00fablico en general. Aparte de la venta y exposici\u00f3n de piezas de artistas internacionales en el paseo, el FangArt ha ofrecido durante los 3 d\u00edas una atractiva programaci\u00f3n de talleres y actividades diversas.<\/p>\n<p>Por una parte, los ceramistas participantes en esta segunda edici\u00f3n han valorado positivamente la organizaci\u00f3n y el desarrollo del festival, y muchos de ellos ya se han mostrado interesados \u200b\u200ben participar en pr\u00f3ximas ediciones. Por otra parte, el p\u00fablico que acudi\u00f3 al FangArt ha respondido y ha participado activamente en las actividades y talleres programados, muchos de ellos de car\u00e1cter familiar.<\/p>\n<p>Hay que recordar que este a\u00f1o, muchas de estas actividades se han dedicado a la joyer\u00eda cer\u00e1mica. Es por este motivo que el FangArt 2018 ha invitado a dos ceramistas joyeros de referencia a nivel internacional: el holand\u00e9s Peter Hoogeboom y la catalana Nuria Soley. En concreto, el primero present\u00f3 una impactante exposici\u00f3n de piezas de joyer\u00eda en la sala polivalente de la Vil\u00b7la Casals, visitada por 223 personas. Tambi\u00e9n ofreci\u00f3 dos conferencias sobre la historia del arte de la joyer\u00eda de cer\u00e1mica y el uso de la cer\u00e1mica contempor\u00e1nea, que reunieron una treintena de asistentes. Por su parte, Nuria Soley protagoniz\u00f3 varias demostraciones de joyer\u00eda cer\u00e1mica, que generaron mucha expectaci\u00f3n en el p\u00fablico.<\/p>\n<p>Relacionado tambi\u00e9n con la joyer\u00eda, los alumnos m\u00e1s peque\u00f1os del Aula de Cer\u00e0mica del Vendrell crearon la exposici\u00f3n &quot;Joies pel gegant i la geganta&quot;, que se pudo visitar en la plaza de Sant Salvador. Adem\u00e1s, estos ni\u00f1os y ni\u00f1as prepararon unas joyas para los gigantes del Vendrell, que fueron entregadas a los propios gigantes en el transcurso de un simp\u00e1tico acto el domingo por la tarde. Esta actividad cont\u00f3 con la colaboraci\u00f3n de la Imprenta Ramon, Motos Esteve y los Gegants del Vendrell.<\/p>\n<p>Por otra parte, el FangArt tambi\u00e9n incluy\u00f3 un apunte musical de la mano de Ernest Mart\u00ednez, que condujo el espect\u00e1culo &quot;Testus&quot; con la colaboraci\u00f3n de los alumnos de la Escuela Municipal de M\u00fasica Pau Casals.<\/p>\n<p>Una vez cerrada la segunda edici\u00f3n, se han acordado las fechas del Festival del a\u00f1o que viene. El FangArt 2019 tendr\u00e1 lugar los d\u00edas 14, 15 y 16 de junio del a\u00f1o pr\u00f3ximo.<\/p>\n","protected":false},"excerpt":{"rendered":"<p>La plaza de Sant Salvador y el paseo mar\u00edtimo Joan Revent\u00f3s han vuelto a ser el epicentro, por segundo a\u00f1o consecutivo, del Festival FangArt. Durante el viernes 15, s\u00e1bado 16 y domingo 17 de julio, el mundo de la cer\u00e1mica se ha convertido en el protagonista de un festival que pretende ser un punto de [&hellip;]<\/p>\n","protected":false},"author":1,"featured_media":23713,"comment_status":"open","ping_status":"closed","sticky":false,"template":"","format":"standard","meta":{"_acf_changed":false,"_et_pb_use_builder":"","_et_pb_old_content":"","_et_gb_content_width":"","content-type":"","footnotes":""},"categories":[],"tags":[],"dipi_cpt_category":[],"class_list":["post-25109","post","type-post","status-publish","format-standard","has-post-thumbnail","hentry"],"acf":[],"_links":{"self":[{"href":"https:\/\/www.elvendrellturisme.com\/es\/wp-json\/wp\/v2\/posts\/25109","targetHints":{"allow":["GET"]}}],"collection":[{"href":"https:\/\/www.elvendrellturisme.com\/es\/wp-json\/wp\/v2\/posts"}],"about":[{"href":"https:\/\/www.elvendrellturisme.com\/es\/wp-json\/wp\/v2\/types\/post"}],"author":[{"embeddable":true,"href":"https:\/\/www.elvendrellturisme.com\/es\/wp-json\/wp\/v2\/users\/1"}],"replies":[{"embeddable":true,"href":"https:\/\/www.elvendrellturisme.com\/es\/wp-json\/wp\/v2\/comments?post=25109"}],"version-history":[{"count":0,"href":"https:\/\/www.elvendrellturisme.com\/es\/wp-json\/wp\/v2\/posts\/25109\/revisions"}],"wp:featuredmedia":[{"embeddable":true,"href":"https:\/\/www.elvendrellturisme.com\/es\/wp-json\/wp\/v2\/media\/23713"}],"wp:attachment":[{"href":"https:\/\/www.elvendrellturisme.com\/es\/wp-json\/wp\/v2\/media?parent=25109"}],"wp:term":[{"taxonomy":"category","embeddable":true,"href":"https:\/\/www.elvendrellturisme.com\/es\/wp-json\/wp\/v2\/categories?post=25109"},{"taxonomy":"post_tag","embeddable":true,"href":"https:\/\/www.elvendrellturisme.com\/es\/wp-json\/wp\/v2\/tags?post=25109"},{"taxonomy":"dipi_cpt_category","embeddable":true,"href":"https:\/\/www.elvendrellturisme.com\/es\/wp-json\/wp\/v2\/dipi_cpt_category?post=25109"}],"curies":[{"name":"wp","href":"https:\/\/api.w.org\/{rel}","templated":true}]}}