{"id":25121,"date":"2018-07-09T17:13:06","date_gmt":"2018-07-09T17:13:06","guid":{"rendered":"http:\/\/tv.dms3labs.cat\/el-museo-deu-organiza-dos-rutas-patrimoniales-durante-el-verano\/"},"modified":"2018-07-09T17:13:06","modified_gmt":"2018-07-09T17:13:06","slug":"el-museo-deu-organiza-dos-rutas-patrimoniales-durante-el-verano","status":"publish","type":"post","link":"https:\/\/www.elvendrellturisme.com\/es\/el-museo-deu-organiza-dos-rutas-patrimoniales-durante-el-verano\/","title":{"rendered":"El Museo Deu organiza dos rutas patrimoniales durante el verano"},"content":{"rendered":"<p>Para los veraneantes que visitan nuestras playas, el Museo Deu ofrece una ruta patrimonial atractiva bautizada con el nombre &quot;Sal del mar y entra en el Vendrell&quot;, dirigida a aquellas familias y p\u00fablico en general que han decidido venir a pasar las vacaciones en las nuestras playas o que hace tiempo que veranean y todav\u00eda no han participado de la oferta cultural que ofrece nuestra ciudad.<\/p>\n<p>La ruta tiene lugar todos los jueves de julio y agosto (excepto el d\u00eda 26 de julio). Un autob\u00fas recoge los turistas en la oficina de informaci\u00f3n y Turismo de Coma-ruga y los traslada al Vendrell, explicando la historia de la playa de Coma-ruga, el puerto de los Secallets, la ermita de Sant Salvador, los vi\u00f1edos , la Riera de la Bisbal, el pueblo de Sant Vicen\u00e7 de Calders&#8230;Al llegar a la vila, comienza el recorrido que llevar\u00e1 a los turistas a descubrir la funci\u00f3n del \u00c1ngel de Tobies o la Torre del Puig.<\/p>\n<p>La ruta incluye un paseo por el casco antiguo del Vendrell para conocer las historias que tuvieron lugar en el Portal del Pardo y en la antigua muralla; para saber a qui\u00e9n representan las pinturas de la plaza Ramon i Vidales; para contemplar la Iglesia del Sant\u00edsimo Salvador y su \u00f3rgano &#8230; en definitiva: un recorrido donde los turistas pueden sentir todas aquellas cosas que un amigo te gustar\u00eda que te ense\u00f1ara del pueblo.<\/p>\n<p>La ruta finaliza con la visita al Museo Deu y la degustaci\u00f3n en el jard\u00edn del Museo de productos t\u00edpicos vendrellenses, gracias a la colaboraci\u00f3n de Dolceria Soler y Licores Jan\u00e9. Esta actividad tiene un coste de 6 \u20ac, se hace en castellano y es gratuita para los menores de 12 a\u00f1os. Es necesario reservar plaza y \u00e9sta se puede contratar en el Museo Deu y en la Oficina de Turismo de Coma-ruga.<\/p>\n<p>La segunda ruta que ofrece el Museo Deu es la llamada &quot;Se\u00f1ores turistas&quot;. Acompa\u00f1ados de un educador cultural del Museo Deu, permite descubrir los or\u00edgenes del barrio mar\u00edtimo de Coma-ruga: de zonas pantanosas a grandes avenidas; de juncos y barro en las antiguas casetas de ba\u00f1os; de aguas embalsadas en &quot;ba\u00f1os de pila&quot; (ba\u00f1eras situadas en cabinas individuales) y oleaje&#8230;<\/p>\n<p>En esta ruta se revive el pasado a trav\u00e9s de im\u00e1genes antiguas para conocer los balnearios, de primera l\u00ednea de mar, hoy desaparecidos, con el lago de aguas cristalinas, las casas indianas, la aventura americana de los germans Trillas, la historia del piloto de motociclismo Ramon Torras &#8230; y pasear hasta en la Iglesia de Sant Ram\u00f3n para contemplar los mosaicos del artista Santiago Padr\u00f3s que recuerdan la Coma-ruga los a\u00f1os sesenta y setenta.<br \/>\nSalidas: Todos los mi\u00e9rcoles de julio y agosto a las 19h (excepto el 15 de agosto, desde la Oficina de Turismo de Coma-ruga). La actividad tiene un coste de 5 \u20ac, se hace en castellano y es gratuita para los menores de 12 a\u00f1os. Es necesario reservar plaza en el Museo Deu y en la Oficina de Turismo de Coma-ruga.<\/p>\n<p>Para m\u00e1s informaci\u00f3n: Museo Deu. Plaza Nova, 6. 977 666 308 \/ museudeu@elvendrell.net<\/p>\n","protected":false},"excerpt":{"rendered":"<p>Para los veraneantes que visitan nuestras playas, el Museo Deu ofrece una ruta patrimonial atractiva bautizada con el nombre &quot;Sal del mar y entra en el Vendrell&quot;, dirigida a aquellas familias y p\u00fablico en general que han decidido venir a pasar las vacaciones en las nuestras playas o que hace tiempo que veranean y todav\u00eda [&hellip;]<\/p>\n","protected":false},"author":1,"featured_media":23736,"comment_status":"open","ping_status":"closed","sticky":false,"template":"","format":"standard","meta":{"_acf_changed":false,"_et_pb_use_builder":"","_et_pb_old_content":"","_et_gb_content_width":"","content-type":"","footnotes":""},"categories":[],"tags":[],"dipi_cpt_category":[],"class_list":["post-25121","post","type-post","status-publish","format-standard","has-post-thumbnail","hentry"],"acf":[],"_links":{"self":[{"href":"https:\/\/www.elvendrellturisme.com\/es\/wp-json\/wp\/v2\/posts\/25121","targetHints":{"allow":["GET"]}}],"collection":[{"href":"https:\/\/www.elvendrellturisme.com\/es\/wp-json\/wp\/v2\/posts"}],"about":[{"href":"https:\/\/www.elvendrellturisme.com\/es\/wp-json\/wp\/v2\/types\/post"}],"author":[{"embeddable":true,"href":"https:\/\/www.elvendrellturisme.com\/es\/wp-json\/wp\/v2\/users\/1"}],"replies":[{"embeddable":true,"href":"https:\/\/www.elvendrellturisme.com\/es\/wp-json\/wp\/v2\/comments?post=25121"}],"version-history":[{"count":0,"href":"https:\/\/www.elvendrellturisme.com\/es\/wp-json\/wp\/v2\/posts\/25121\/revisions"}],"wp:featuredmedia":[{"embeddable":true,"href":"https:\/\/www.elvendrellturisme.com\/es\/wp-json\/wp\/v2\/media\/23736"}],"wp:attachment":[{"href":"https:\/\/www.elvendrellturisme.com\/es\/wp-json\/wp\/v2\/media?parent=25121"}],"wp:term":[{"taxonomy":"category","embeddable":true,"href":"https:\/\/www.elvendrellturisme.com\/es\/wp-json\/wp\/v2\/categories?post=25121"},{"taxonomy":"post_tag","embeddable":true,"href":"https:\/\/www.elvendrellturisme.com\/es\/wp-json\/wp\/v2\/tags?post=25121"},{"taxonomy":"dipi_cpt_category","embeddable":true,"href":"https:\/\/www.elvendrellturisme.com\/es\/wp-json\/wp\/v2\/dipi_cpt_category?post=25121"}],"curies":[{"name":"wp","href":"https:\/\/api.w.org\/{rel}","templated":true}]}}