{"id":25123,"date":"2018-07-11T15:39:17","date_gmt":"2018-07-11T15:39:17","guid":{"rendered":"http:\/\/tv.dms3labs.cat\/la-fusteria-acoge-a-partir-del-viernes-la-tienda-de-santa-anna-y-la-exposicion-rafel-angel-de-tobies\/"},"modified":"2018-07-11T15:39:17","modified_gmt":"2018-07-11T15:39:17","slug":"la-fusteria-acoge-a-partir-del-viernes-la-tienda-de-santa-anna-y-la-exposicion-rafel-angel-de-tobies","status":"publish","type":"post","link":"https:\/\/www.elvendrellturisme.com\/es\/la-fusteria-acoge-a-partir-del-viernes-la-tienda-de-santa-anna-y-la-exposicion-rafel-angel-de-tobies\/","title":{"rendered":"La Fusteria acoge a partir del viernes la Tienda de Santa Anna y la exposici\u00f3n &quot;Rafel. \u00c0ngel de Tobies &quot;"},"content":{"rendered":"<p>La sala La Fusteria acoger\u00e1 a partir de este viernes 13 de julio la Tienda de Santa Anna, donde se podr\u00e1 encontrar todo lo imprescindible para encender unos d\u00edas de Fiesta Mayor rodeados de alegr\u00eda, energ\u00eda, vitalidad y, sobre todo, tradici\u00f3n y fiesta.<\/p>\n<p>Por ejemplo, se podr\u00e1 adquirir el programa de colecci\u00f3n, con el que los Administradores de Santa Anna quieren animar a todos a hacer llegar la Fiesta Mayor m\u00e1s lejos, a compartirla y vivirla juntos. Tambi\u00e9n se podr\u00e1 encontrar los recortables, las pulseras, el vino Agna o los &quot;bufats&quot; de Fiesta Mayor.<\/p>\n<p>En La Fusteria, adem\u00e1s, se podr\u00e1 disfrutar de la exposici\u00f3n con la que la Asociaci\u00f3n &quot;Campaners del Vendrell&quot; conmemora los 20 a\u00f1os de la bajada del \u00c1ngel de Tobies a trav\u00e9s de algunas de las instant\u00e1neas m\u00e1s significativas de las tres descargas que ha protagonizado (1928, 1958 y 1998), as\u00ed como tambi\u00e9n de otras curiosidades de su construcci\u00f3n. Incluso, los visitantes podr\u00e1n palpar y visualizar el tama\u00f1o real del \u00c1ngel. Finalmente, se podr\u00e1n ver objetos o recuerdos de este s\u00edmbolo Vendrell tan emblem\u00e1tico.<\/p>\n<p>La inauguraci\u00f3n de la Tienda y de la muestra tendr\u00e1 lugar el viernes 13 de julio, a las 19h. Se podr\u00e1 visitar hasta el 28 de julio, en horario de lunes a s\u00e1bado, de 18 h a 20.30 h.<\/p>\n","protected":false},"excerpt":{"rendered":"<p>La sala La Fusteria acoger\u00e1 a partir de este viernes 13 de julio la Tienda de Santa Anna, donde se podr\u00e1 encontrar todo lo imprescindible para encender unos d\u00edas de Fiesta Mayor rodeados de alegr\u00eda, energ\u00eda, vitalidad y, sobre todo, tradici\u00f3n y fiesta. Por ejemplo, se podr\u00e1 adquirir el programa de colecci\u00f3n, con el que [&hellip;]<\/p>\n","protected":false},"author":1,"featured_media":23740,"comment_status":"open","ping_status":"closed","sticky":false,"template":"","format":"standard","meta":{"_acf_changed":false,"_et_pb_use_builder":"","_et_pb_old_content":"","_et_gb_content_width":"","content-type":"","footnotes":""},"categories":[],"tags":[],"dipi_cpt_category":[],"class_list":["post-25123","post","type-post","status-publish","format-standard","has-post-thumbnail","hentry"],"acf":[],"_links":{"self":[{"href":"https:\/\/www.elvendrellturisme.com\/es\/wp-json\/wp\/v2\/posts\/25123","targetHints":{"allow":["GET"]}}],"collection":[{"href":"https:\/\/www.elvendrellturisme.com\/es\/wp-json\/wp\/v2\/posts"}],"about":[{"href":"https:\/\/www.elvendrellturisme.com\/es\/wp-json\/wp\/v2\/types\/post"}],"author":[{"embeddable":true,"href":"https:\/\/www.elvendrellturisme.com\/es\/wp-json\/wp\/v2\/users\/1"}],"replies":[{"embeddable":true,"href":"https:\/\/www.elvendrellturisme.com\/es\/wp-json\/wp\/v2\/comments?post=25123"}],"version-history":[{"count":0,"href":"https:\/\/www.elvendrellturisme.com\/es\/wp-json\/wp\/v2\/posts\/25123\/revisions"}],"wp:featuredmedia":[{"embeddable":true,"href":"https:\/\/www.elvendrellturisme.com\/es\/wp-json\/wp\/v2\/media\/23740"}],"wp:attachment":[{"href":"https:\/\/www.elvendrellturisme.com\/es\/wp-json\/wp\/v2\/media?parent=25123"}],"wp:term":[{"taxonomy":"category","embeddable":true,"href":"https:\/\/www.elvendrellturisme.com\/es\/wp-json\/wp\/v2\/categories?post=25123"},{"taxonomy":"post_tag","embeddable":true,"href":"https:\/\/www.elvendrellturisme.com\/es\/wp-json\/wp\/v2\/tags?post=25123"},{"taxonomy":"dipi_cpt_category","embeddable":true,"href":"https:\/\/www.elvendrellturisme.com\/es\/wp-json\/wp\/v2\/dipi_cpt_category?post=25123"}],"curies":[{"name":"wp","href":"https:\/\/api.w.org\/{rel}","templated":true}]}}