{"id":25126,"date":"2018-07-26T10:22:34","date_gmt":"2018-07-26T10:22:34","guid":{"rendered":"http:\/\/tv.dms3labs.cat\/el-ciclo-divendres-divinsen-la-fundacion-apel%c2%b7les-fenosa\/"},"modified":"2018-07-26T10:22:34","modified_gmt":"2018-07-26T10:22:34","slug":"el-ciclo-divendres-divinsen-la-fundacion-apel%c2%b7les-fenosa","status":"publish","type":"post","link":"https:\/\/www.elvendrellturisme.com\/es\/el-ciclo-divendres-divinsen-la-fundacion-apel%c2%b7les-fenosa\/","title":{"rendered":"El ciclo &quot;Divendres Divins&quot;en la Fundaci\u00f3n Apel\u00b7les Fenosa"},"content":{"rendered":"<p>El viernes 27 de julio, en la Fundaci\u00f3n Apel\u00b7les Fenosa de El Vendrell, tendr\u00e1 lugar una de las actividades programadas dentro del ciclo &quot;Divendres Divins&quot; con vinos de la DO Pened\u00e8s. A las 19:30 h se har\u00e1 una visita al espacio y a las 20:15 h se podr\u00e1 disfrutar de una cata de vinos y de la actuaci\u00f3n musical de Richard White y su banda de roots, blues, swing y ragtime .<\/p>\n<p>&quot;Divendres Divins&quot; tiene como objetivo poner en valor los espacios patrimoniales y su relaci\u00f3n con las denominaciones de origen del territorio y tambi\u00e9n con propuestas art\u00edsticas de nuestra regi\u00f3n.<\/p>\n<p>El precio de la actividad es de 5 euros y se debe hacer reserva previa en el tel\u00e9fono 93 890 48 11 y al correo electr\u00f3nico comunicacio@dopenedes.cat.<\/p>\n","protected":false},"excerpt":{"rendered":"<p>El viernes 27 de julio, en la Fundaci\u00f3n Apel\u00b7les Fenosa de El Vendrell, tendr\u00e1 lugar una de las actividades programadas dentro del ciclo &quot;Divendres Divins&quot; con vinos de la DO Pened\u00e8s. A las 19:30 h se har\u00e1 una visita al espacio y a las 20:15 h se podr\u00e1 disfrutar de una cata de vinos y [&hellip;]<\/p>\n","protected":false},"author":1,"featured_media":23747,"comment_status":"open","ping_status":"closed","sticky":false,"template":"","format":"standard","meta":{"_acf_changed":false,"_et_pb_use_builder":"","_et_pb_old_content":"","_et_gb_content_width":"","content-type":"","footnotes":""},"categories":[],"tags":[],"dipi_cpt_category":[],"class_list":["post-25126","post","type-post","status-publish","format-standard","has-post-thumbnail","hentry"],"acf":[],"_links":{"self":[{"href":"https:\/\/www.elvendrellturisme.com\/es\/wp-json\/wp\/v2\/posts\/25126","targetHints":{"allow":["GET"]}}],"collection":[{"href":"https:\/\/www.elvendrellturisme.com\/es\/wp-json\/wp\/v2\/posts"}],"about":[{"href":"https:\/\/www.elvendrellturisme.com\/es\/wp-json\/wp\/v2\/types\/post"}],"author":[{"embeddable":true,"href":"https:\/\/www.elvendrellturisme.com\/es\/wp-json\/wp\/v2\/users\/1"}],"replies":[{"embeddable":true,"href":"https:\/\/www.elvendrellturisme.com\/es\/wp-json\/wp\/v2\/comments?post=25126"}],"version-history":[{"count":0,"href":"https:\/\/www.elvendrellturisme.com\/es\/wp-json\/wp\/v2\/posts\/25126\/revisions"}],"wp:featuredmedia":[{"embeddable":true,"href":"https:\/\/www.elvendrellturisme.com\/es\/wp-json\/wp\/v2\/media\/23747"}],"wp:attachment":[{"href":"https:\/\/www.elvendrellturisme.com\/es\/wp-json\/wp\/v2\/media?parent=25126"}],"wp:term":[{"taxonomy":"category","embeddable":true,"href":"https:\/\/www.elvendrellturisme.com\/es\/wp-json\/wp\/v2\/categories?post=25126"},{"taxonomy":"post_tag","embeddable":true,"href":"https:\/\/www.elvendrellturisme.com\/es\/wp-json\/wp\/v2\/tags?post=25126"},{"taxonomy":"dipi_cpt_category","embeddable":true,"href":"https:\/\/www.elvendrellturisme.com\/es\/wp-json\/wp\/v2\/dipi_cpt_category?post=25126"}],"curies":[{"name":"wp","href":"https:\/\/api.w.org\/{rel}","templated":true}]}}