{"id":25128,"date":"2018-07-31T16:06:39","date_gmt":"2018-07-31T16:06:39","guid":{"rendered":"http:\/\/tv.dms3labs.cat\/este-miercoles-arranca-el-musica-a-la-vila-con-una-energica-doble-sesion-de-la-balkan-paradise-orchestra\/"},"modified":"2018-07-31T16:06:39","modified_gmt":"2018-07-31T16:06:39","slug":"este-miercoles-arranca-el-musica-a-la-vila-con-una-energica-doble-sesion-de-la-balkan-paradise-orchestra","status":"publish","type":"post","link":"https:\/\/www.elvendrellturisme.com\/es\/este-miercoles-arranca-el-musica-a-la-vila-con-una-energica-doble-sesion-de-la-balkan-paradise-orchestra\/","title":{"rendered":"Este mi\u00e9rcoles arranca el &quot;M\u00fasica a la Vila&quot; con una en\u00e9rgica doble sesi\u00f3n de la Balkan Paradise Orchestra"},"content":{"rendered":"<p>Vuelve al Vendrell uno de los grandes festivales de m\u00fasica tradicional de Catalu\u00f1a: el &quot;M\u00fasica a la Vila&quot;, que este a\u00f1o llega a su trig\u00e9sima edici\u00f3n. El cartel 2018 incluye 5 d\u00edas de concierto, que se inician este mi\u00e9rcoles 1 de agosto con las miembros de la Balkan Paradise Orchestra (BPO).<\/p>\n<p>Con formaciones, experiencias e influencias diversas, pero compartiendo la pasi\u00f3n por la tradici\u00f3n balc\u00e1nica, estas diez mujeres transforman el g\u00e9nero en un aut\u00e9ntico elixir de melod\u00edas tradicionales con ritmos de todo el mundo, ofreciendo un espect\u00e1culo cargado de energ\u00eda que funciona tanto en escenarios como en la calle. Con una sorprendente capacidad para generar empat\u00eda con el p\u00fablico, la Balkan Paradise Orchestra trae alegr\u00eda, fiesta y ganas de bailar en cada rinc\u00f3n del mundo.<\/p>\n<p>La BPO ofrecer\u00e1 en esta ocasi\u00f3n una doble propuesta. A las 19.30 h, un concierto itinerante por las calles del centro de la ciudad, con inicio y llegada en la plaza del T\u00edvoli, y a las 22 h, el concierto con el formato tradicional del Festival.<\/p>\n<p>Las int\u00e9rpretes de la formaci\u00f3n son:<\/p>\n<p>Mila Gonz\u00e1lez, trompeta<br \/>\nAlba Careta, trompeta<br \/>\nBerta Gala, trompeta<br \/>\nEva Garin, clarinete<br \/>\nLaura Lacueva, clarinete<br \/>\nAlba Ram\u00edrez, trompa<br \/>\nMaria Cofan, tromb\u00f3n<br \/>\nOlivia Casas, tuba<br \/>\nMar\u00eda Puertas, tuba<br \/>\nEli F\u00e0bregas, percusi\u00f3n<\/p>\n<p>M\u00daSICA A LA VILA: BALKAN PARADISE ORCHESTRA<br \/>\nD\u00eda: Mi\u00e9rcoles 1 de agosto<br \/>\nLugar: Calles del centro \/ Plaza del T\u00edvoli<br \/>\nHora: 19.30h y 22 h<br \/>\nentrada gratuita<\/p>\n","protected":false},"excerpt":{"rendered":"<p>Vuelve al Vendrell uno de los grandes festivales de m\u00fasica tradicional de Catalu\u00f1a: el &quot;M\u00fasica a la Vila&quot;, que este a\u00f1o llega a su trig\u00e9sima edici\u00f3n. El cartel 2018 incluye 5 d\u00edas de concierto, que se inician este mi\u00e9rcoles 1 de agosto con las miembros de la Balkan Paradise Orchestra (BPO). Con formaciones, experiencias e [&hellip;]<\/p>\n","protected":false},"author":1,"featured_media":23751,"comment_status":"open","ping_status":"closed","sticky":false,"template":"","format":"standard","meta":{"_acf_changed":false,"_et_pb_use_builder":"","_et_pb_old_content":"","_et_gb_content_width":"","content-type":"","footnotes":""},"categories":[],"tags":[],"dipi_cpt_category":[],"class_list":["post-25128","post","type-post","status-publish","format-standard","has-post-thumbnail","hentry"],"acf":[],"_links":{"self":[{"href":"https:\/\/www.elvendrellturisme.com\/es\/wp-json\/wp\/v2\/posts\/25128","targetHints":{"allow":["GET"]}}],"collection":[{"href":"https:\/\/www.elvendrellturisme.com\/es\/wp-json\/wp\/v2\/posts"}],"about":[{"href":"https:\/\/www.elvendrellturisme.com\/es\/wp-json\/wp\/v2\/types\/post"}],"author":[{"embeddable":true,"href":"https:\/\/www.elvendrellturisme.com\/es\/wp-json\/wp\/v2\/users\/1"}],"replies":[{"embeddable":true,"href":"https:\/\/www.elvendrellturisme.com\/es\/wp-json\/wp\/v2\/comments?post=25128"}],"version-history":[{"count":0,"href":"https:\/\/www.elvendrellturisme.com\/es\/wp-json\/wp\/v2\/posts\/25128\/revisions"}],"wp:featuredmedia":[{"embeddable":true,"href":"https:\/\/www.elvendrellturisme.com\/es\/wp-json\/wp\/v2\/media\/23751"}],"wp:attachment":[{"href":"https:\/\/www.elvendrellturisme.com\/es\/wp-json\/wp\/v2\/media?parent=25128"}],"wp:term":[{"taxonomy":"category","embeddable":true,"href":"https:\/\/www.elvendrellturisme.com\/es\/wp-json\/wp\/v2\/categories?post=25128"},{"taxonomy":"post_tag","embeddable":true,"href":"https:\/\/www.elvendrellturisme.com\/es\/wp-json\/wp\/v2\/tags?post=25128"},{"taxonomy":"dipi_cpt_category","embeddable":true,"href":"https:\/\/www.elvendrellturisme.com\/es\/wp-json\/wp\/v2\/dipi_cpt_category?post=25128"}],"curies":[{"name":"wp","href":"https:\/\/api.w.org\/{rel}","templated":true}]}}