{"id":25132,"date":"2018-08-07T15:30:17","date_gmt":"2018-08-07T15:30:17","guid":{"rendered":"http:\/\/tv.dms3labs.cat\/el-musico-vasco-kepa-junkera-presenta-su-nuevo-trabajo-fok-en-el-segundo-concierto-del-musica-a-la-vila\/"},"modified":"2018-08-07T15:30:17","modified_gmt":"2018-08-07T15:30:17","slug":"el-musico-vasco-kepa-junkera-presenta-su-nuevo-trabajo-fok-en-el-segundo-concierto-del-musica-a-la-vila","status":"publish","type":"post","link":"https:\/\/www.elvendrellturisme.com\/es\/el-musico-vasco-kepa-junkera-presenta-su-nuevo-trabajo-fok-en-el-segundo-concierto-del-musica-a-la-vila\/","title":{"rendered":"El m\u00fasico vasco Kepa Junkera presenta su nuevo trabajo &quot;FOK&quot; en el segundo concierto del &quot;M\u00fasica a la Vila&quot;"},"content":{"rendered":"<p>La pr\u00f3xima semana llega al ciclo &#8216;M\u00fasica a la Vila&#8217; la cabeza de cartel de este a\u00f1o. Kepa Junkera &#038; Amigos de FOK actuar\u00e1n en la plaza del T\u00edvoli a partir de las 22h y, como es habitual en este festival de m\u00fasica tradicional, la entrada es gratuita. Presentar\u00e1n el nuevo trabajo del acordeonista vasco, &quot;FOK&quot;, que se plantea como un viaje a las m\u00fasicas populares y tradicionales de los Pa\u00edses Catalanes.<br \/>\nKepa Junkera ha trabajado desde el profundo respeto pero tambi\u00e9n desde la libertad creativa y la emoci\u00f3n de sentirse parte de la cultura catalana, en la que se adentra con pasi\u00f3n. Las trikitixas, panderetas, irrintzis y txalapartas se mezclan con los sonidos de tarotas, grallas, zambombas, cuerdas, panderos cuadrados, flautas, gaitas y tenores.<\/p>\n<p>FOK es el fuego de una cultura que llena de color las orejas del mundo, un fuego purificador unido al llamado &quot;irrintzi&quot;, el grito ancestral. FOK es un trabajo innovador, una quemadura de madera que suena a emociones lejanas en el tiempo, pero que en las manos y el coraz\u00f3n de Kepa resultan absolutamente actuales.<\/p>\n<p>Int\u00e9rpretes:<br \/>\nKepa Junkera, trikitixa<br \/>\nManu Sabat\u00e9, gralla, tenora, clarinete<br \/>\nIu Boixader, contrabajo, bajo<br \/>\nCisco Cardona, guitarra<br \/>\nArnau Obiols, bater\u00eda<br \/>\nPatri Garcia y Xavier Rota (Ballaveu), voz, percusi\u00f3n, baile<br \/>\nNando Tal\u00f3n y Siscu Aguilera (Txec), txalaparta<\/p>\n<p>M\u00daSICA A LA VILA: Kepa Junkera &#038; AMIGOS DE FOK<br \/>\nD\u00eda: mi\u00e9rcoles, 8 de agosto<br \/>\nLugar: Plaza del T\u00edvoli<br \/>\nHora: 22 h<br \/>\nentrada gratuita<\/p>\n","protected":false},"excerpt":{"rendered":"<p>La pr\u00f3xima semana llega al ciclo &#8216;M\u00fasica a la Vila&#8217; la cabeza de cartel de este a\u00f1o. Kepa Junkera &#038; Amigos de FOK actuar\u00e1n en la plaza del T\u00edvoli a partir de las 22h y, como es habitual en este festival de m\u00fasica tradicional, la entrada es gratuita. Presentar\u00e1n el nuevo trabajo del acordeonista vasco, [&hellip;]<\/p>\n","protected":false},"author":1,"featured_media":23759,"comment_status":"open","ping_status":"closed","sticky":false,"template":"","format":"standard","meta":{"_acf_changed":false,"_et_pb_use_builder":"","_et_pb_old_content":"","_et_gb_content_width":"","content-type":"","footnotes":""},"categories":[],"tags":[],"dipi_cpt_category":[],"class_list":["post-25132","post","type-post","status-publish","format-standard","has-post-thumbnail","hentry"],"acf":[],"_links":{"self":[{"href":"https:\/\/www.elvendrellturisme.com\/es\/wp-json\/wp\/v2\/posts\/25132","targetHints":{"allow":["GET"]}}],"collection":[{"href":"https:\/\/www.elvendrellturisme.com\/es\/wp-json\/wp\/v2\/posts"}],"about":[{"href":"https:\/\/www.elvendrellturisme.com\/es\/wp-json\/wp\/v2\/types\/post"}],"author":[{"embeddable":true,"href":"https:\/\/www.elvendrellturisme.com\/es\/wp-json\/wp\/v2\/users\/1"}],"replies":[{"embeddable":true,"href":"https:\/\/www.elvendrellturisme.com\/es\/wp-json\/wp\/v2\/comments?post=25132"}],"version-history":[{"count":0,"href":"https:\/\/www.elvendrellturisme.com\/es\/wp-json\/wp\/v2\/posts\/25132\/revisions"}],"wp:featuredmedia":[{"embeddable":true,"href":"https:\/\/www.elvendrellturisme.com\/es\/wp-json\/wp\/v2\/media\/23759"}],"wp:attachment":[{"href":"https:\/\/www.elvendrellturisme.com\/es\/wp-json\/wp\/v2\/media?parent=25132"}],"wp:term":[{"taxonomy":"category","embeddable":true,"href":"https:\/\/www.elvendrellturisme.com\/es\/wp-json\/wp\/v2\/categories?post=25132"},{"taxonomy":"post_tag","embeddable":true,"href":"https:\/\/www.elvendrellturisme.com\/es\/wp-json\/wp\/v2\/tags?post=25132"},{"taxonomy":"dipi_cpt_category","embeddable":true,"href":"https:\/\/www.elvendrellturisme.com\/es\/wp-json\/wp\/v2\/dipi_cpt_category?post=25132"}],"curies":[{"name":"wp","href":"https:\/\/api.w.org\/{rel}","templated":true}]}}