{"id":25136,"date":"2018-08-16T16:07:15","date_gmt":"2018-08-16T16:07:15","guid":{"rendered":"http:\/\/tv.dms3labs.cat\/el-reconocido-artem-trio-sabado-en-el-auditorio-pau-casals\/"},"modified":"2018-08-16T16:07:15","modified_gmt":"2018-08-16T16:07:15","slug":"el-reconocido-artem-trio-sabado-en-el-auditorio-pau-casals","status":"publish","type":"post","link":"https:\/\/www.elvendrellturisme.com\/es\/el-reconocido-artem-trio-sabado-en-el-auditorio-pau-casals\/","title":{"rendered":"El reconocido Artem Trio, s\u00e1bado en el Auditorio Pau Casals"},"content":{"rendered":"<p>El Auditorio Pau Casals contin\u00faa su programaci\u00f3n de verano con un concierto a cargo de Artem Trio este pr\u00f3ximo s\u00e1bado 18 de agosto. Con sede en los Pa\u00edses Bajos, esta formaci\u00f3n se origin\u00f3 en 2015 como grupo formado en el Conservatorio de Rotterdam, Codarts.<\/p>\n<p>Desde sus primeras actuaciones se han distinguido por su apasionada, energ\u00e9tica y expresiva interpretaci\u00f3n en p\u00fablico. La amplia terminolog\u00eda Artem (del lat\u00edn Ars, que significa arte) fue escogida para expresar su fascinaci\u00f3n por cada disciplina art\u00edstica.<\/p>\n<p>El tr\u00edo fue galardonado con el Primer Premio en el Concurso Internacional de M\u00fasica de C\u00e1mara de Montserrat y el tercer premio en el Concurso Internacional de M\u00fasica de C\u00e1mara de Vinar\u00f2s el a\u00f1o 2017. En abril de 2018 fue finalista en el Concurso &quot;Paper de M\u00fasica &quot;de Capellades, recibiendo una muy buena cr\u00edtica del Maestro Antoni Ros Marb\u00e0.<\/p>\n<p>Artem Tr\u00edo ha tocado en diferentes auditorios de los Pa\u00edses Bajos, Francia y Espa\u00f1a, as\u00ed como en festivales de renombre como el Kamermuziekfestival den Haag o el Zoom Kamermuziekfestival.<\/p>\n<p>Actualmente es miembro de la fundaci\u00f3n Stichting Muziek in Huis y de la fundaci\u00f3n Stichting Kunst in de Kamer. Vinculado a Codarts y al Conservatorio de \u00c1msterdam, ha tenido el privilegio de recibir consejos de Gijs Kramers, Joris van Rijn, David Kuyken, Bart van der Roer, Amparo Lacruz, Franck van de Laar, Jeroen den Herder y Benzion Shamir.<\/p>\n<p>La violoncelista del tr\u00edo, Violeta Gonz\u00e1lez, tiene el placer de tocar un Thomas Bertrand, cedido por Gowrings Continental Gasturbines, una compa\u00f1\u00eda dirigida por Joop Steenam.<\/p>\n<p>Las entradas ya se pueden adquirir en la web www.ticketea.com, en la concejal\u00eda de Cultura (La Rambla, 24, de 10 a 14h) y en el mismo Auditorio Pau Casals.<\/p>\n<p>Int\u00e9rpretes:<br \/>\nNatalia Szmydt, viol\u00edn<br \/>\nVioleta Gonz\u00e1lez Tom\u00e1s, violonchelo<br \/>\nMar\u00eda L\u00f3pez Belarte, piano<\/p>\n<p>ARTEM TRIO<br \/>\nD\u00eda: S\u00e1bado, 18 de agosto<br \/>\nLugar: Auditorio Pau Casals<br \/>\nHora: 20.30 h<br \/>\nEntrada: 10 \u20ac<br \/>\nEntrada con descuento: 7 \u20ac<\/p>\n","protected":false},"excerpt":{"rendered":"<p>El Auditorio Pau Casals contin\u00faa su programaci\u00f3n de verano con un concierto a cargo de Artem Trio este pr\u00f3ximo s\u00e1bado 18 de agosto. Con sede en los Pa\u00edses Bajos, esta formaci\u00f3n se origin\u00f3 en 2015 como grupo formado en el Conservatorio de Rotterdam, Codarts. Desde sus primeras actuaciones se han distinguido por su apasionada, energ\u00e9tica [&hellip;]<\/p>\n","protected":false},"author":1,"featured_media":23767,"comment_status":"open","ping_status":"closed","sticky":false,"template":"","format":"standard","meta":{"_acf_changed":false,"_et_pb_use_builder":"","_et_pb_old_content":"","_et_gb_content_width":"","content-type":"","footnotes":""},"categories":[],"tags":[],"dipi_cpt_category":[],"class_list":["post-25136","post","type-post","status-publish","format-standard","has-post-thumbnail","hentry"],"acf":[],"_links":{"self":[{"href":"https:\/\/www.elvendrellturisme.com\/es\/wp-json\/wp\/v2\/posts\/25136","targetHints":{"allow":["GET"]}}],"collection":[{"href":"https:\/\/www.elvendrellturisme.com\/es\/wp-json\/wp\/v2\/posts"}],"about":[{"href":"https:\/\/www.elvendrellturisme.com\/es\/wp-json\/wp\/v2\/types\/post"}],"author":[{"embeddable":true,"href":"https:\/\/www.elvendrellturisme.com\/es\/wp-json\/wp\/v2\/users\/1"}],"replies":[{"embeddable":true,"href":"https:\/\/www.elvendrellturisme.com\/es\/wp-json\/wp\/v2\/comments?post=25136"}],"version-history":[{"count":0,"href":"https:\/\/www.elvendrellturisme.com\/es\/wp-json\/wp\/v2\/posts\/25136\/revisions"}],"wp:featuredmedia":[{"embeddable":true,"href":"https:\/\/www.elvendrellturisme.com\/es\/wp-json\/wp\/v2\/media\/23767"}],"wp:attachment":[{"href":"https:\/\/www.elvendrellturisme.com\/es\/wp-json\/wp\/v2\/media?parent=25136"}],"wp:term":[{"taxonomy":"category","embeddable":true,"href":"https:\/\/www.elvendrellturisme.com\/es\/wp-json\/wp\/v2\/categories?post=25136"},{"taxonomy":"post_tag","embeddable":true,"href":"https:\/\/www.elvendrellturisme.com\/es\/wp-json\/wp\/v2\/tags?post=25136"},{"taxonomy":"dipi_cpt_category","embeddable":true,"href":"https:\/\/www.elvendrellturisme.com\/es\/wp-json\/wp\/v2\/dipi_cpt_category?post=25136"}],"curies":[{"name":"wp","href":"https:\/\/api.w.org\/{rel}","templated":true}]}}