{"id":25144,"date":"2018-09-12T08:25:57","date_gmt":"2018-09-12T08:25:57","guid":{"rendered":"http:\/\/tv.dms3labs.cat\/el-vendrell-se-anade-a-la-semana-europea-de-la-movilidad-con-varios-actos\/"},"modified":"2018-09-12T08:25:57","modified_gmt":"2018-09-12T08:25:57","slug":"el-vendrell-se-anade-a-la-semana-europea-de-la-movilidad-con-varios-actos","status":"publish","type":"post","link":"https:\/\/www.elvendrellturisme.com\/es\/el-vendrell-se-anade-a-la-semana-europea-de-la-movilidad-con-varios-actos\/","title":{"rendered":"El Vendrell se a\u00f1ade a la Semana Europea de la Movilidad con varios actos"},"content":{"rendered":"<p>Del 19 al 26 de septiembre, el Vendrell se a\u00f1ade a la celebraci\u00f3n de la Semana Europea de la Movilidad, que promueve h\u00e1bitos de movilidad m\u00e1s sostenibles, seguros y saludables como son los desplazamientos a pie, en bicicleta, en transporte p\u00fablico o en veh\u00edculo el\u00e9ctrico, as\u00ed como visualizar los cambios posibles en el uso del espacio p\u00fablico, mejorar la calidad del aire y la reducci\u00f3n de la contaminaci\u00f3n.<\/p>\n<p>Bajo el lema &#8216;Combina y mu\u00e9vete!&#8217;, La Semana del 2018 adem\u00e1s de velar por una vida saludable, sostenible y segura, tambi\u00e9n promueve la utilizaci\u00f3n de diferentes medios de transporte seg\u00fan el desplazamiento.<\/p>\n<p>\u00a0<\/p>\n<p>Las actividades que la Concejal\u00eda de Movilidad ha programado son las siguientes:<\/p>\n<p>&#8211; mi\u00e9rcoles 19 de septiembre, una caminata cultural por Comarruga con una explicaci\u00f3n sobre su historia, organizada por el Museo Deu.<\/p>\n<p>&#8211; Viernes 21 de septiembre, una salida cultural para conocer la historia del Vendrell, organizada por el Museo Deu y con la colaboraci\u00f3n de Autocars del Pened\u00e8s.<br \/>\nPara poder participar en estas dos actividades, hay que hacer la inscripci\u00f3n en el Museo Deu (tel. 977 66 63 08 \/ a \/ e: museudeu@elvendrell.net).<\/p>\n<p>Por otra parte, y organizada por el Grupo Ecologista del Vendrell y el Baix Pened\u00e8s (GEVEN), el s\u00e1bado 22 de septiembre a partir de las 9 de la ma\u00f1ana se har\u00e1 una jornada sobre las Madrigueres, que lleva por t\u00edtulo: &quot;Les Madrigueres: qu\u00e0 cal conservar? &quot;, y que incluir\u00e1 una jornada de anillamiento cient\u00edfico de aves (9-11h) y una jornada explicativa sobre el espacio de las Madrigueres (11h a 13 h). Las inscripciones se pueden hacer por tel\u00e9fono 645 99 36 77 o al \/ e: gevenbpenedes@gmail.com.<\/p>\n<p>Por otra parte, el Ayuntamiento de El Vendrell participar\u00e1 de forma institucional con una carrera de transportes que tendr\u00e1 lugar el 26 de septiembre:<br \/>\nhttps:\/\/territori.gencat.cat\/ca\/detalls\/SMSS_activitatagenda\/tarragona_cursa_transport<\/p>\n<p>Asimismo, desde el Ayuntamiento se invita a todos a participar en el concurso fotogr\u00e1fico de Instagram &quot;Apunta&#8217;t al Clip Mob!&quot;, En que se public\u00f3 fotograf\u00edas de elementos de transporte y movilidad diferenciadores e identificables de Catalu\u00f1a con el etiqueta #mobilitat2018. Bases del concurso: https:\/\/mobilitat.gencat.cat\/setmana<\/p>\n<p>El concejal de Movilidad, Josep Mercad\u00e9, anima a todos a inscribirse a las actividades y reducir el uso del veh\u00edculo privado por una movilidad m\u00e1s sostenible.<\/p>\n","protected":false},"excerpt":{"rendered":"<p>Del 19 al 26 de septiembre, el Vendrell se a\u00f1ade a la celebraci\u00f3n de la Semana Europea de la Movilidad, que promueve h\u00e1bitos de movilidad m\u00e1s sostenibles, seguros y saludables como son los desplazamientos a pie, en bicicleta, en transporte p\u00fablico o en veh\u00edculo el\u00e9ctrico, as\u00ed como visualizar los cambios posibles en el uso del [&hellip;]<\/p>\n","protected":false},"author":1,"featured_media":23783,"comment_status":"open","ping_status":"closed","sticky":false,"template":"","format":"standard","meta":{"_acf_changed":false,"_et_pb_use_builder":"","_et_pb_old_content":"","_et_gb_content_width":"","content-type":"","footnotes":""},"categories":[],"tags":[],"dipi_cpt_category":[],"class_list":["post-25144","post","type-post","status-publish","format-standard","has-post-thumbnail","hentry"],"acf":[],"_links":{"self":[{"href":"https:\/\/www.elvendrellturisme.com\/es\/wp-json\/wp\/v2\/posts\/25144","targetHints":{"allow":["GET"]}}],"collection":[{"href":"https:\/\/www.elvendrellturisme.com\/es\/wp-json\/wp\/v2\/posts"}],"about":[{"href":"https:\/\/www.elvendrellturisme.com\/es\/wp-json\/wp\/v2\/types\/post"}],"author":[{"embeddable":true,"href":"https:\/\/www.elvendrellturisme.com\/es\/wp-json\/wp\/v2\/users\/1"}],"replies":[{"embeddable":true,"href":"https:\/\/www.elvendrellturisme.com\/es\/wp-json\/wp\/v2\/comments?post=25144"}],"version-history":[{"count":0,"href":"https:\/\/www.elvendrellturisme.com\/es\/wp-json\/wp\/v2\/posts\/25144\/revisions"}],"wp:featuredmedia":[{"embeddable":true,"href":"https:\/\/www.elvendrellturisme.com\/es\/wp-json\/wp\/v2\/media\/23783"}],"wp:attachment":[{"href":"https:\/\/www.elvendrellturisme.com\/es\/wp-json\/wp\/v2\/media?parent=25144"}],"wp:term":[{"taxonomy":"category","embeddable":true,"href":"https:\/\/www.elvendrellturisme.com\/es\/wp-json\/wp\/v2\/categories?post=25144"},{"taxonomy":"post_tag","embeddable":true,"href":"https:\/\/www.elvendrellturisme.com\/es\/wp-json\/wp\/v2\/tags?post=25144"},{"taxonomy":"dipi_cpt_category","embeddable":true,"href":"https:\/\/www.elvendrellturisme.com\/es\/wp-json\/wp\/v2\/dipi_cpt_category?post=25144"}],"curies":[{"name":"wp","href":"https:\/\/api.w.org\/{rel}","templated":true}]}}