{"id":25145,"date":"2018-09-17T10:00:04","date_gmt":"2018-09-17T10:00:04","guid":{"rendered":"http:\/\/tv.dms3labs.cat\/el-mes-pau-casals-profundizara-en-la-relacion-entre-pau-casals-y-federico-garcia-lorca\/"},"modified":"2018-09-17T10:00:04","modified_gmt":"2018-09-17T10:00:04","slug":"el-mes-pau-casals-profundizara-en-la-relacion-entre-pau-casals-y-federico-garcia-lorca","status":"publish","type":"post","link":"https:\/\/www.elvendrellturisme.com\/es\/el-mes-pau-casals-profundizara-en-la-relacion-entre-pau-casals-y-federico-garcia-lorca\/","title":{"rendered":"El Mes Pau Casals profundizar\u00e1 en la relaci\u00f3n entre Pau Casals y Federico Garc\u00eda Lorca"},"content":{"rendered":"<p>El Vendrell volver\u00e1 a vivir unas semanas intensas de actos para profundizar en la figura de Pau Casals y, al mismo tiempo, homenajearlo cuando se acerca el aniversario de su muerte, el 22 de octubre. Ser\u00e1 gracias a la programaci\u00f3n del &quot;Mes Pau Casals&quot;, organizada por la Asociaci\u00f3n Musical Pau Casals con el apoyo del Ayuntamiento de El Vendrell, as\u00ed como la implicaci\u00f3n activa de diversas entidades del municipio y la colaboraci\u00f3n de diversas instituciones.<\/p>\n<p>Esta ma\u00f1ana se han presentado en la Sala de plenos del Ayuntamiento los detalles de las actividades, que se iniciar\u00e1n el 21 de septiembre y se alargar\u00e1n hasta el 27 de octubre.<\/p>\n<p>El presidente de la Asociaci\u00f3n Musical Pau Casals, Jordi Guitart, explic\u00f3 que este a\u00f1o se ha escogido como tema central del mes Pau Casals &quot;El Cant dels Ocells&quot;, la melod\u00eda tradicional catalana que interpretaba al terminar sus conciertos y que ha convertido, gracias a \u00e9l, un grito contra la injusticia y un s\u00edmbolo de paz en todo el mundo.<\/p>\n<p>Este a\u00f1o, sin embargo, el Mes Pau Casals quiere poner tambi\u00e9n el foco en el v\u00ednculo entre Pau Casals y Federico Garc\u00eda Lorca, del que se cumplen 120 a\u00f1os de su nacimiento. Es por ello que el d\u00eda 21 de septiembre, a las 20h, y en la Sala La Argentinita de la Casa Cultural Andaluc\u00eda Garc\u00eda Lorca del Vendrell, el fil\u00f3logo Jaume Figueras ofrecer\u00e1 una conferencia donde presentar\u00e1 documentaci\u00f3n que ha obtenido despu\u00e9s de una cuidadosa investigaci\u00f3n que ha servido para confirmar el conocimiento y la buena relaci\u00f3n entre el m\u00fasico y el poeta granadino. La conferencia se enmarca en el acto inaugural del Mes Pau Casals, que tambi\u00e9n incluir\u00e1 la entrega de la Beca de la Asociaci\u00f3n Musical Pau Casals 2018; la conmemoraci\u00f3n del D\u00eda Internacional de la Paz y una lectura de poemas de Garc\u00eda Lorca con la participaci\u00f3n de alumnos de la Escuela Municipal de M\u00fasica Pau Casals.<\/p>\n<p>El Mes Pau Casals continuar\u00e1 el viernes 28 de septiembre con un concierto de j\u00f3venes talentos a cargo de Jan Calabuig (viol\u00edn) y Miquel Carr (piano), en el Auditorio del T\u00edvoli (20h).<\/p>\n<p>El 4 de octubre (20h, Auditorio del T\u00edvoli) ser\u00e1 el turno para la proyecci\u00f3n del documental &quot;Joan Man\u00e9n. Variacions sense tema&quot; y una conferencia-coloquio a cargo de Daniel Blanch, presidente de la Asociaci\u00f3n Joan Man\u00e9n de Barcelona.<\/p>\n<p>El 14 de octubre se llevar\u00e1 a cabo el tradicional Concurso de Grupos Sardanistas Mes Pau Casals- La Fira, organizada por los Dansaires del Pened\u00e8s. La cita es a las 17.30h en la Plaza del Mercat.<\/p>\n<p>El Mes Pau Casals incluir\u00e1 tambi\u00e9n una conferencia sobre &quot;El Cant dels Ocells&quot; a cargo de Jaume Ayats, director del Museo de la M\u00fasica de Barcelona, \u200b\u200ben la Sala polivalente del Auditorio del T\u00edvoli (19h) el mi\u00e9rcoles 17 de octubre.<\/p>\n<p>Ya el viernes 19 de octubre, a las 19h, en la Biblioteca P\u00fablica Terra Baixa tendr\u00e1 lugar el acto Pau Casals y Saint Ex\u00fapery, Palabra, M\u00fasica e Im\u00e1genes por la Paz a cargo de: Carlota Baldr\u00eds, Enric Batlle, Anna Urp\u00ed, Linus Urp\u00ed e I\u00f1aki Arregui (Asociaci\u00f3n El Petit Pr\u00edncep de Catalu\u00f1a).<\/p>\n<p>S\u00e1bado 20 y domingo 21 de octubre, y para conmemorar el 45 aniversario de la muerte de Pau Casals, la casa natal de Pau Casals &#8211; Museo Pau Casals ofrecer\u00e1 una jornada de puertas abiertas.<\/p>\n<p>Y el mismo d\u00eda del aniversario de la muerte del Maestro, el lunes 22 de octubre, tendr\u00e1 lugar la tradicional ofrenda floral en su tumba, en el Cementerio de El Vendrell (17h) por parte de las entidades del Vendrell. El mismo d\u00eda, a las 21 h, en el Auditorio del T\u00edvoli, se ha programado un concierto conmemorativo a cargo de la Camerata Eduard Toldr\u00e0&#8217;.<\/p>\n<p>El martes 23 de octubre, la Iglesia parroquial de El Vendrell, a las 20h, acoger\u00e1 un concierto de \u00f3rgano a cargo de los alumnos de los Conservatorios Profesionales de Tarragona, Terrassa y del EMMPAC.<\/p>\n<p>Mi\u00e9rcoles 24 de octubre, a las 18.30h, el Museo Deu acoger\u00e1 el acto M\u00fasica en los Museos, a cargo de los alumnos de la EMMPAC.<\/p>\n<p>Ya para cerrar el Mes Pau Casals, el viernes 26 de octubre, a las 20:30 h, en el Auditorio Pau Casals se celebrar\u00e1 el acto de clausura de todas las actividades con un concierto a cargo de The Yehudi Menuhin Orchestra, mientras que el s\u00e1bado 27 de octubre, el Teatro \u00c0ngel Guimer\u00e0 acoger\u00e1 un Concierto a cargo de la coral inglesa &#8216;Rock up and sing&#8217; (19.30h).<\/p>\n<p>Por otra parte, la Biblioteca P\u00fablica Terra Baixa contin\u00faa el proyecto que comenz\u00f3 hace dos a\u00f1os: una colecci\u00f3n de puntos de libro que se presentar\u00e1n, anualmente, durante el mes Pau Casals. Su dise\u00f1o incluir\u00e1 una frase del Maestro y reproducciones de elementos biogr\u00e1ficos, period\u00edsticos, musicales, etc. los fondos de la biblioteca o de los museos que participan en el proyecto. Gracias a la implicaci\u00f3n del Servicio de Bibliotecas en su edici\u00f3n y distribuci\u00f3n, los puntos de libro se difundir\u00e1n por todas las bibliotecas de Catalu\u00f1a.<\/p>\n","protected":false},"excerpt":{"rendered":"<p>El Vendrell volver\u00e1 a vivir unas semanas intensas de actos para profundizar en la figura de Pau Casals y, al mismo tiempo, homenajearlo cuando se acerca el aniversario de su muerte, el 22 de octubre. Ser\u00e1 gracias a la programaci\u00f3n del &quot;Mes Pau Casals&quot;, organizada por la Asociaci\u00f3n Musical Pau Casals con el apoyo del [&hellip;]<\/p>\n","protected":false},"author":1,"featured_media":23785,"comment_status":"open","ping_status":"closed","sticky":false,"template":"","format":"standard","meta":{"_acf_changed":false,"_et_pb_use_builder":"","_et_pb_old_content":"","_et_gb_content_width":"","content-type":"","footnotes":""},"categories":[],"tags":[],"dipi_cpt_category":[],"class_list":["post-25145","post","type-post","status-publish","format-standard","has-post-thumbnail","hentry"],"acf":[],"_links":{"self":[{"href":"https:\/\/www.elvendrellturisme.com\/es\/wp-json\/wp\/v2\/posts\/25145","targetHints":{"allow":["GET"]}}],"collection":[{"href":"https:\/\/www.elvendrellturisme.com\/es\/wp-json\/wp\/v2\/posts"}],"about":[{"href":"https:\/\/www.elvendrellturisme.com\/es\/wp-json\/wp\/v2\/types\/post"}],"author":[{"embeddable":true,"href":"https:\/\/www.elvendrellturisme.com\/es\/wp-json\/wp\/v2\/users\/1"}],"replies":[{"embeddable":true,"href":"https:\/\/www.elvendrellturisme.com\/es\/wp-json\/wp\/v2\/comments?post=25145"}],"version-history":[{"count":0,"href":"https:\/\/www.elvendrellturisme.com\/es\/wp-json\/wp\/v2\/posts\/25145\/revisions"}],"wp:featuredmedia":[{"embeddable":true,"href":"https:\/\/www.elvendrellturisme.com\/es\/wp-json\/wp\/v2\/media\/23785"}],"wp:attachment":[{"href":"https:\/\/www.elvendrellturisme.com\/es\/wp-json\/wp\/v2\/media?parent=25145"}],"wp:term":[{"taxonomy":"category","embeddable":true,"href":"https:\/\/www.elvendrellturisme.com\/es\/wp-json\/wp\/v2\/categories?post=25145"},{"taxonomy":"post_tag","embeddable":true,"href":"https:\/\/www.elvendrellturisme.com\/es\/wp-json\/wp\/v2\/tags?post=25145"},{"taxonomy":"dipi_cpt_category","embeddable":true,"href":"https:\/\/www.elvendrellturisme.com\/es\/wp-json\/wp\/v2\/dipi_cpt_category?post=25145"}],"curies":[{"name":"wp","href":"https:\/\/api.w.org\/{rel}","templated":true}]}}