{"id":25147,"date":"2018-09-20T14:24:24","date_gmt":"2018-09-20T14:24:24","guid":{"rendered":"http:\/\/tv.dms3labs.cat\/el-temporada-lleva-al-vendrell-un-otono-cultural-de-alto-nivel-y-para-todos-los-publicos\/"},"modified":"2018-09-20T14:24:24","modified_gmt":"2018-09-20T14:24:24","slug":"el-temporada-lleva-al-vendrell-un-otono-cultural-de-alto-nivel-y-para-todos-los-publicos","status":"publish","type":"post","link":"https:\/\/www.elvendrellturisme.com\/es\/el-temporada-lleva-al-vendrell-un-otono-cultural-de-alto-nivel-y-para-todos-los-publicos\/","title":{"rendered":"El &quot;Temporada&quot; lleva al Vendrell un oto\u00f1o cultural de alto nivel y para todos los p\u00fablicos"},"content":{"rendered":"<p>La gu\u00eda de espect\u00e1culos culturales &quot;Temporada&quot; ya ha salido a la calle con la programaci\u00f3n para el \u00faltimo trimestre del a\u00f1o. Esta sigue la l\u00ednea que las anteriores ediciones: un abanico de espect\u00e1culos de calidad, ecl\u00e9ctico, y que permitan diversificar y ampliar, a\u00fan m\u00e1s, el p\u00fablico que asiste. As\u00ed, nuevamente se suceder\u00e1n a Vendrell los conciertos de m\u00fasica cl\u00e1sica, jazz, de cantautores, tradicional, teatro familiar, teatro de gran formato, exposiciones &#8230;<\/p>\n<p>Como ya es habitual, las propuestas del Temporada se repartir\u00e1n fundamentalmente entre el Auditorio del T\u00edvoli, el Auditorio Pau Casals y el Teatro \u00c0ngel Guimer\u00e0, aunque tambi\u00e9n se suman otros espacios donde entidades colaboradoras tambi\u00e9n llevan a cabo  sus actividades, como el \u00d3rgano de la Iglesia, el Museo Deu o algunas salas de exposiciones, entre otros.<\/p>\n<p>Del apartado musical de la programaci\u00f3n, destaca, por ejemplo, el concierto que Judit Neddermann ofrecer\u00e1 el s\u00e1bado 6 de octubre en el Auditorio Pau Casals. La cantante y autora de canciones presentar\u00e1 su tercer trabajo discogr\u00e1fico: &quot;Nua&quot;. En clave de m\u00fasica tradicional, el Auditorio del T\u00edvoli acoger\u00e1, por ejemplo, el 12 de octubre, el concierto de m\u00fasica de grallas en homenaje a Jaume Vidal, que estar\u00e1 protagonizado por la Orquesta de Ministrils de la Escuela Municipal de M\u00fasica -Centro de las Artes de Hospitalet de Llobregat.<\/p>\n<p>Otros conciertos destacados ser\u00e1n el de la Yehudi Menuhin School Orchestra, el d\u00eda 26 de octubre, en el Auditorio Pau Casals, el de la cantante de jazz Michele Hendricsk el 10 de noviembre en el Auditorio Pau Casals. A finales de noviembre, el d\u00eda 24, llegar\u00e1n al Vendrell, en el Auditorio del T\u00edvoli, los Barcelona Gospel donde presentar\u00e1n el espect\u00e1culo &#8216;Be Here Now&#8217;; al d\u00eda siguiente, el 25 de noviembre ser\u00e1 el turno del tradicional concierto de Santa Cecilia en el Auditorio Pau Casals, con El Petit Estel, el Cor Joves Veus y el Cor Orfe\u00f3 Parroquial. En diciembre arrancar\u00e1 fuerte con el concierto de los Brodas Bros, que el s\u00e1bado 1 de diciembre homenajear\u00e1n a James Brown con la energ\u00eda de su hip hop y una banda en directo. La m\u00fasica continuar\u00e1 en diciembre con el Cuarteto de Schubert con Folre i Manilles (2\/12), los villancicos de Gemma Abri\u00e9 &#038; Vicen\u00e7 Mart\u00edn Dream Big Band (8\/12) y la m\u00fasica de pel\u00edculas de La Contraorquestra (22\/12 ).<\/p>\n<p>El teatro ser\u00e1 la otra gran apuesta cultural del oto\u00f1o, con obras para todos los p\u00fablicos. Una vez m\u00e1s, se hace \u00e9nfasis en los montajes familiares y en esta l\u00ednea llegan Alicia en el Pa\u00eds de las Maravillas (7\/10) o Samfaina de Colors (11\/10). Para el p\u00fablico adulto, el 20 de noviembre llegar\u00e1 al TAG la obra &quot;Un cop l&#8217;any&quot;, dirigida por \u00c0ngel Ll\u00e0cer y con David Verdaguer y Andrea Ros como protagonistas; el 3 de noviembre ser\u00e1 el turno del &quot;Parad\u00eds Pintat&quot; de la payasa Pepa Plana, mientras que el 17 de noviembre se podr\u00e1 ver &quot;Les Noies de Mossbank Road&quot;, con las actrices Cristina Genebat, Clara Segura y Marta Marco y direcci\u00f3n de Silvia Munt. En esta ocasi\u00f3n, el &quot;Temporada&quot; de oto\u00f1o tambi\u00e9n tendr\u00e1 teatro de producci\u00f3n local, con la celebraci\u00f3n del 30 aniversario de los Inestables El Vendrell, con un montaje \u00fanico que representar\u00e1n el 16 de diciembre en el TAG. La obra se plantea como una recopilaci\u00f3n de gags de las diferentes obras que han hecho durante estos 30 a\u00f1os y donde tambi\u00e9n tendr\u00e1 un papel destacado la improvisaci\u00f3n.<\/p>\n<p>La programaci\u00f3n del &quot;Temporada&quot; tambi\u00e9n incluye las exposiciones que se podr\u00e1n ver en el Vendrell hasta diciembre, entre ellas la de los ganadores de la IX Bienal Internacional de Cer\u00e1mica; el programa del \u00d3rgano de El Vendrell, que en esta ocasi\u00f3n contin\u00faa con la conmemoraci\u00f3n del nacimiento de Benvingut Socias, y el del Mes Pau Casals.<\/p>\n<p>Las entradas para los espect\u00e1culos se podr\u00e1n comprar a trav\u00e9s de Ticketea (www.ticketea.com) y la Concejal\u00eda de Cultura (La Rambla, 24) a partir del viernes 21 de septiembre. Tambi\u00e9n se podr\u00e1n adquirir en taquilla (una hora antes de la representaci\u00f3n, siempre y cuando el aforo lo permita).<\/p>\n<p>Toda la informaci\u00f3n y programaci\u00f3n se puede consultar en www.temporada.cat<\/p>\n","protected":false},"excerpt":{"rendered":"<p>La gu\u00eda de espect\u00e1culos culturales &quot;Temporada&quot; ya ha salido a la calle con la programaci\u00f3n para el \u00faltimo trimestre del a\u00f1o. Esta sigue la l\u00ednea que las anteriores ediciones: un abanico de espect\u00e1culos de calidad, ecl\u00e9ctico, y que permitan diversificar y ampliar, a\u00fan m\u00e1s, el p\u00fablico que asiste. As\u00ed, nuevamente se suceder\u00e1n a Vendrell los [&hellip;]<\/p>\n","protected":false},"author":1,"featured_media":23789,"comment_status":"open","ping_status":"closed","sticky":false,"template":"","format":"standard","meta":{"_acf_changed":false,"_et_pb_use_builder":"","_et_pb_old_content":"","_et_gb_content_width":"","content-type":"","footnotes":""},"categories":[],"tags":[],"dipi_cpt_category":[],"class_list":["post-25147","post","type-post","status-publish","format-standard","has-post-thumbnail","hentry"],"acf":[],"_links":{"self":[{"href":"https:\/\/www.elvendrellturisme.com\/es\/wp-json\/wp\/v2\/posts\/25147","targetHints":{"allow":["GET"]}}],"collection":[{"href":"https:\/\/www.elvendrellturisme.com\/es\/wp-json\/wp\/v2\/posts"}],"about":[{"href":"https:\/\/www.elvendrellturisme.com\/es\/wp-json\/wp\/v2\/types\/post"}],"author":[{"embeddable":true,"href":"https:\/\/www.elvendrellturisme.com\/es\/wp-json\/wp\/v2\/users\/1"}],"replies":[{"embeddable":true,"href":"https:\/\/www.elvendrellturisme.com\/es\/wp-json\/wp\/v2\/comments?post=25147"}],"version-history":[{"count":0,"href":"https:\/\/www.elvendrellturisme.com\/es\/wp-json\/wp\/v2\/posts\/25147\/revisions"}],"wp:featuredmedia":[{"embeddable":true,"href":"https:\/\/www.elvendrellturisme.com\/es\/wp-json\/wp\/v2\/media\/23789"}],"wp:attachment":[{"href":"https:\/\/www.elvendrellturisme.com\/es\/wp-json\/wp\/v2\/media?parent=25147"}],"wp:term":[{"taxonomy":"category","embeddable":true,"href":"https:\/\/www.elvendrellturisme.com\/es\/wp-json\/wp\/v2\/categories?post=25147"},{"taxonomy":"post_tag","embeddable":true,"href":"https:\/\/www.elvendrellturisme.com\/es\/wp-json\/wp\/v2\/tags?post=25147"},{"taxonomy":"dipi_cpt_category","embeddable":true,"href":"https:\/\/www.elvendrellturisme.com\/es\/wp-json\/wp\/v2\/dipi_cpt_category?post=25147"}],"curies":[{"name":"wp","href":"https:\/\/api.w.org\/{rel}","templated":true}]}}