{"id":25170,"date":"2018-11-15T11:25:53","date_gmt":"2018-11-15T11:25:53","guid":{"rendered":"http:\/\/tv.dms3labs.cat\/hacemos-collage-con-material-reciclado-nuevo-taller-infantil-en-el-museo-deu-este-jueves\/"},"modified":"2018-11-15T11:25:53","modified_gmt":"2018-11-15T11:25:53","slug":"hacemos-collage-con-material-reciclado-nuevo-taller-infantil-en-el-museo-deu-este-jueves","status":"publish","type":"post","link":"https:\/\/www.elvendrellturisme.com\/es\/hacemos-collage-con-material-reciclado-nuevo-taller-infantil-en-el-museo-deu-este-jueves\/","title":{"rendered":"&quot;Hacemos collage con material reciclado&quot;, nuevo taller infantil en el Museo Deu este jueves"},"content":{"rendered":"<p>Este pr\u00f3ximo jueves 15 de noviembre el Museo Deu del Vendrell organiza un taller infantil para introducir a los m\u00e1s peque\u00f1os en el arte del collage, un lenguaje art\u00edstico formado por muchos materiales, tales como papeles, diarios, fotograf\u00edas &#8230; situados encima de un apoyo.<\/p>\n<p>En este taller, que se realizar\u00e1 a las 18h, se podr\u00e1 conocer la historia del collage y los diferentes materiales que pueden usarse de la mano del artista Jordi Morera, artista miembro de la Asociaci\u00f3n GRUPO, las obras se pueden contemplar en la exposici\u00f3n temporal del colectivo GRUPO titulada &quot;Horizontes &#8211; Di\u00e1logo&quot; y que actualmente se puede visitar en sala de exposiciones temporales del Museo Deu.<\/p>\n<p>Jordi Roig Morera tiene un curr\u00edculum muy extenso, con un post grado en &#8216;Did\u00e1ctica de Artes Pl\u00e1sticas&#8217; por la Universidad Aut\u00f3noma de Barcelona (UAB), y una amplia experiencia en el campo de las artes pl\u00e1sticas, tanto como educador y tutor de talleres y como artista. Ha hecho una gran difusi\u00f3n de su obra con muchas exposiciones presentadas por el campo de Tarragona, Conca de Barber\u00e0 &#8230; donde ha expuesto en el Monasterio de Poblet y Vimbod\u00ed. En el a\u00f1o 2000 gan\u00f3 el primer premio de Arte Pl\u00e1sticas Pere Romeu en Torredembarra. En la actualidad, el artista Jordi Morera colabora en los talleres de artes pl\u00e1sticas de Artelier, Batzart, Grupo de Mujeres Torredembarra y SWEA, &#8216;Sweden Women Art Education&#8217;.<br \/>\nLas inscripciones al taller &quot;Hacemos collage con material reciclado&quot; se pueden hacer en el Museo Deu (Plaza Nueva, 6), a trav\u00e9s del correo electr\u00f3nico museudeu@elvendrell.net o bien llamando al tel\u00e9fono 977666308.<\/p>\n<p>Es un taller dirigido a ni\u00f1os y ni\u00f1as de 6 a 12 a\u00f1os y es gratuito para todos.<\/p>\n","protected":false},"excerpt":{"rendered":"<p>Este pr\u00f3ximo jueves 15 de noviembre el Museo Deu del Vendrell organiza un taller infantil para introducir a los m\u00e1s peque\u00f1os en el arte del collage, un lenguaje art\u00edstico formado por muchos materiales, tales como papeles, diarios, fotograf\u00edas &#8230; situados encima de un apoyo. En este taller, que se realizar\u00e1 a las 18h, se podr\u00e1 [&hellip;]<\/p>\n","protected":false},"author":1,"featured_media":23834,"comment_status":"open","ping_status":"closed","sticky":false,"template":"","format":"standard","meta":{"_acf_changed":false,"_et_pb_use_builder":"","_et_pb_old_content":"","_et_gb_content_width":"","content-type":"","footnotes":""},"categories":[],"tags":[],"dipi_cpt_category":[],"class_list":["post-25170","post","type-post","status-publish","format-standard","has-post-thumbnail","hentry"],"acf":[],"_links":{"self":[{"href":"https:\/\/www.elvendrellturisme.com\/es\/wp-json\/wp\/v2\/posts\/25170","targetHints":{"allow":["GET"]}}],"collection":[{"href":"https:\/\/www.elvendrellturisme.com\/es\/wp-json\/wp\/v2\/posts"}],"about":[{"href":"https:\/\/www.elvendrellturisme.com\/es\/wp-json\/wp\/v2\/types\/post"}],"author":[{"embeddable":true,"href":"https:\/\/www.elvendrellturisme.com\/es\/wp-json\/wp\/v2\/users\/1"}],"replies":[{"embeddable":true,"href":"https:\/\/www.elvendrellturisme.com\/es\/wp-json\/wp\/v2\/comments?post=25170"}],"version-history":[{"count":0,"href":"https:\/\/www.elvendrellturisme.com\/es\/wp-json\/wp\/v2\/posts\/25170\/revisions"}],"wp:featuredmedia":[{"embeddable":true,"href":"https:\/\/www.elvendrellturisme.com\/es\/wp-json\/wp\/v2\/media\/23834"}],"wp:attachment":[{"href":"https:\/\/www.elvendrellturisme.com\/es\/wp-json\/wp\/v2\/media?parent=25170"}],"wp:term":[{"taxonomy":"category","embeddable":true,"href":"https:\/\/www.elvendrellturisme.com\/es\/wp-json\/wp\/v2\/categories?post=25170"},{"taxonomy":"post_tag","embeddable":true,"href":"https:\/\/www.elvendrellturisme.com\/es\/wp-json\/wp\/v2\/tags?post=25170"},{"taxonomy":"dipi_cpt_category","embeddable":true,"href":"https:\/\/www.elvendrellturisme.com\/es\/wp-json\/wp\/v2\/dipi_cpt_category?post=25170"}],"curies":[{"name":"wp","href":"https:\/\/api.w.org\/{rel}","templated":true}]}}