{"id":25172,"date":"2018-11-16T13:21:12","date_gmt":"2018-11-16T13:21:12","guid":{"rendered":"http:\/\/tv.dms3labs.cat\/programadas-nuevas-rutas-teatralizadas-por-la-via-augusta\/"},"modified":"2018-11-16T13:21:12","modified_gmt":"2018-11-16T13:21:12","slug":"programadas-nuevas-rutas-teatralizadas-por-la-via-augusta","status":"publish","type":"post","link":"https:\/\/www.elvendrellturisme.com\/es\/programadas-nuevas-rutas-teatralizadas-por-la-via-augusta\/","title":{"rendered":"Programadas nuevas rutas teatralizadas por la V\u00eda Augusta"},"content":{"rendered":"<p>La Comisi\u00f3n del Patrimonio del Vendrell del Instituto de Estudios Penedesencs y la Concejal\u00eda de Cultura del Vendrell organizar\u00e1n para los pr\u00f3ximos meses varias rutas teatralizadas por la V\u00eda Augusta.<\/p>\n<p>La ruta se ofrece para los domingos 25 de noviembre de 2018 y 17 de febrero, 24 de marzo y 19 de mayo de 2019, as\u00ed como para el s\u00e1bado 27 de abril. El lugar de encuentro para los participantes ser\u00e1 en frente del edificio de los Juzgados de El Vendrell, para ir al inicio del camino real. La salida tendr\u00e1 lugar a las 10.30 h y la actividad tendr\u00e1 una duraci\u00f3n de 90 minutos, aproximadamente. Para participar es necesario hacer la inscripci\u00f3n (hasta las 14 h del viernes anterior al d\u00eda de la visita) a la Concejal\u00eda de Cultura del Vendrell (la Rambla, 24), 977 66 56 84 o en arqueologia@elvendrell.net. El precio de la actividad es de 5 \u20ac por persona (que se pagar\u00e1n en el momento de la visita). Hay que llevar calzado adecuado para terreno irregular. La ruta no es apta para movilidad reducida. M\u00ednimo 5 personas.<\/p>\n<p>La V\u00eda Augusta<\/p>\n<p>Cuando los romanos llegaron a la pen\u00ednsula Ib\u00e9rica en el a\u00f1o 218 aC, se encontraron un territorio que ya ten\u00eda una red viaria (V\u00eda Heraclea).<\/p>\n<p>El emperador Augusto reestructur\u00f3 esta v\u00eda y la ampli\u00f3, la marc\u00f3 con hitos (miliarios), construy\u00f3 all\u00ed puentes y la organiz\u00f3 de tal manera que los viajeros pudieran descansar a lo largo del trayecto. A partir de esta reforma, el camino fue conocido con el nombre de V\u00eda Augusta.<\/p>\n<p>Con el paso de los siglos, el camino se va continuando utilizando hasta llegado exactamente el siglo XX. En la \u00e9poca medieval se convirti\u00f3 en camino real, que eran las rutas concedidas y favorecidas por los reyes (camino Real). Posteriormente, una vez construidas las carreteras asfaltadas, el camino real sirvi\u00f3 para llegar a los diferentes campos de cultivo.<\/p>\n<p>Con esta ruta que se presenta se quiere ofrecer la posibilidad de volver a vivir la sensaci\u00f3n de transitar por uno de estos caminos, con el a\u00f1adido de ir conociendo, mientras tanto, su historia y su desarrollo a lo largo de tantos siglos.<\/p>\n<p>Hay que recordar que en enero de este a\u00f1o, y siguiendo las indicaciones de la Comisi\u00f3n del Patrimonio del Vendrell, el Ayuntamiento instal\u00f3 ocho paneles en el camino de la V\u00eda Augusta, despu\u00e9s de haber hecho un arreglo, que explican el su valor hist\u00f3rico y patrimonial. El camino, de un kil\u00f3metro y medio aproximadamente, comunica la zona de los Bulevares con el Plan de Mar y est\u00e1 rodeado de un paisaje de vi\u00f1a y de m\u00e1rgenes de piedra seca.<\/p>\n<p>Foto: Pablo Arroyo<\/p>\n","protected":false},"excerpt":{"rendered":"<p>La Comisi\u00f3n del Patrimonio del Vendrell del Instituto de Estudios Penedesencs y la Concejal\u00eda de Cultura del Vendrell organizar\u00e1n para los pr\u00f3ximos meses varias rutas teatralizadas por la V\u00eda Augusta. La ruta se ofrece para los domingos 25 de noviembre de 2018 y 17 de febrero, 24 de marzo y 19 de mayo de 2019, [&hellip;]<\/p>\n","protected":false},"author":1,"featured_media":23838,"comment_status":"open","ping_status":"closed","sticky":false,"template":"","format":"standard","meta":{"_acf_changed":false,"_et_pb_use_builder":"","_et_pb_old_content":"","_et_gb_content_width":"","content-type":"","footnotes":""},"categories":[],"tags":[],"dipi_cpt_category":[],"class_list":["post-25172","post","type-post","status-publish","format-standard","has-post-thumbnail","hentry"],"acf":[],"_links":{"self":[{"href":"https:\/\/www.elvendrellturisme.com\/es\/wp-json\/wp\/v2\/posts\/25172","targetHints":{"allow":["GET"]}}],"collection":[{"href":"https:\/\/www.elvendrellturisme.com\/es\/wp-json\/wp\/v2\/posts"}],"about":[{"href":"https:\/\/www.elvendrellturisme.com\/es\/wp-json\/wp\/v2\/types\/post"}],"author":[{"embeddable":true,"href":"https:\/\/www.elvendrellturisme.com\/es\/wp-json\/wp\/v2\/users\/1"}],"replies":[{"embeddable":true,"href":"https:\/\/www.elvendrellturisme.com\/es\/wp-json\/wp\/v2\/comments?post=25172"}],"version-history":[{"count":0,"href":"https:\/\/www.elvendrellturisme.com\/es\/wp-json\/wp\/v2\/posts\/25172\/revisions"}],"wp:featuredmedia":[{"embeddable":true,"href":"https:\/\/www.elvendrellturisme.com\/es\/wp-json\/wp\/v2\/media\/23838"}],"wp:attachment":[{"href":"https:\/\/www.elvendrellturisme.com\/es\/wp-json\/wp\/v2\/media?parent=25172"}],"wp:term":[{"taxonomy":"category","embeddable":true,"href":"https:\/\/www.elvendrellturisme.com\/es\/wp-json\/wp\/v2\/categories?post=25172"},{"taxonomy":"post_tag","embeddable":true,"href":"https:\/\/www.elvendrellturisme.com\/es\/wp-json\/wp\/v2\/tags?post=25172"},{"taxonomy":"dipi_cpt_category","embeddable":true,"href":"https:\/\/www.elvendrellturisme.com\/es\/wp-json\/wp\/v2\/dipi_cpt_category?post=25172"}],"curies":[{"name":"wp","href":"https:\/\/api.w.org\/{rel}","templated":true}]}}