{"id":25175,"date":"2018-11-22T13:05:57","date_gmt":"2018-11-22T13:05:57","guid":{"rendered":"http:\/\/tv.dms3labs.cat\/la-cita-coral-de-santa-cecilia-en-el-auditorio-pau-casals\/"},"modified":"2018-11-22T13:05:57","modified_gmt":"2018-11-22T13:05:57","slug":"la-cita-coral-de-santa-cecilia-en-el-auditorio-pau-casals","status":"publish","type":"post","link":"https:\/\/www.elvendrellturisme.com\/es\/la-cita-coral-de-santa-cecilia-en-el-auditorio-pau-casals\/","title":{"rendered":"La cita coral de Santa Cecilia, en el Auditorio Pau Casals"},"content":{"rendered":"<p>La programaci\u00f3n del Temporada de oto\u00f1o seguir\u00e1 domingo en el Auditori Pau Casals, con la familia de corales vendrellenques, que cada a\u00f1o celebran este concierto en honor a la patrona de la m\u00fasica.<br \/>\nEs tambi\u00e9n ya una cita tradicional en el Auditorio de San Salvador reunir para estas fechas tantos cantantes en el escenario para disfrutar y hacer disfrutar de la m\u00fasica coral. Este d\u00eda re\u00fane diferentes generaciones de cantantes en cada formaci\u00f3n, que se unen en la cantada com\u00fan al final del concierto.<\/p>\n<p>int\u00e9rpretes:<br \/>\nCoral El Petit Estel (flautines, Timbalet, grajillas y tenores)<br \/>\nCoraz\u00f3n J\u00f3venes Voces<br \/>\nCor-Orfe\u00f3 Parroquial<\/p>\n<p>CONCIERTO DE SANTA CECILIA<br \/>\nD\u00eda: Domingo, 25 de noviembre<br \/>\nLugar: Auditorio Pau Casals<br \/>\nHora: 12 h<br \/>\nentrada gratuita<\/p>\n","protected":false},"excerpt":{"rendered":"<p>La programaci\u00f3n del Temporada de oto\u00f1o seguir\u00e1 domingo en el Auditori Pau Casals, con la familia de corales vendrellenques, que cada a\u00f1o celebran este concierto en honor a la patrona de la m\u00fasica. Es tambi\u00e9n ya una cita tradicional en el Auditorio de San Salvador reunir para estas fechas tantos cantantes en el escenario para [&hellip;]<\/p>\n","protected":false},"author":1,"featured_media":23844,"comment_status":"open","ping_status":"closed","sticky":false,"template":"","format":"standard","meta":{"_acf_changed":false,"_et_pb_use_builder":"","_et_pb_old_content":"","_et_gb_content_width":"","content-type":"","footnotes":""},"categories":[],"tags":[],"dipi_cpt_category":[],"class_list":["post-25175","post","type-post","status-publish","format-standard","has-post-thumbnail","hentry"],"acf":[],"_links":{"self":[{"href":"https:\/\/www.elvendrellturisme.com\/es\/wp-json\/wp\/v2\/posts\/25175","targetHints":{"allow":["GET"]}}],"collection":[{"href":"https:\/\/www.elvendrellturisme.com\/es\/wp-json\/wp\/v2\/posts"}],"about":[{"href":"https:\/\/www.elvendrellturisme.com\/es\/wp-json\/wp\/v2\/types\/post"}],"author":[{"embeddable":true,"href":"https:\/\/www.elvendrellturisme.com\/es\/wp-json\/wp\/v2\/users\/1"}],"replies":[{"embeddable":true,"href":"https:\/\/www.elvendrellturisme.com\/es\/wp-json\/wp\/v2\/comments?post=25175"}],"version-history":[{"count":0,"href":"https:\/\/www.elvendrellturisme.com\/es\/wp-json\/wp\/v2\/posts\/25175\/revisions"}],"wp:featuredmedia":[{"embeddable":true,"href":"https:\/\/www.elvendrellturisme.com\/es\/wp-json\/wp\/v2\/media\/23844"}],"wp:attachment":[{"href":"https:\/\/www.elvendrellturisme.com\/es\/wp-json\/wp\/v2\/media?parent=25175"}],"wp:term":[{"taxonomy":"category","embeddable":true,"href":"https:\/\/www.elvendrellturisme.com\/es\/wp-json\/wp\/v2\/categories?post=25175"},{"taxonomy":"post_tag","embeddable":true,"href":"https:\/\/www.elvendrellturisme.com\/es\/wp-json\/wp\/v2\/tags?post=25175"},{"taxonomy":"dipi_cpt_category","embeddable":true,"href":"https:\/\/www.elvendrellturisme.com\/es\/wp-json\/wp\/v2\/dipi_cpt_category?post=25175"}],"curies":[{"name":"wp","href":"https:\/\/api.w.org\/{rel}","templated":true}]}}