{"id":25177,"date":"2018-11-28T14:00:41","date_gmt":"2018-11-28T14:00:41","guid":{"rendered":"http:\/\/tv.dms3labs.cat\/concierto-familiar-de-un-cuarteto-de-schubert-con-forro-y-manillas\/"},"modified":"2018-11-28T14:00:41","modified_gmt":"2018-11-28T14:00:41","slug":"concierto-familiar-de-un-cuarteto-de-schubert-con-forro-y-manillas","status":"publish","type":"post","link":"https:\/\/www.elvendrellturisme.com\/es\/concierto-familiar-de-un-cuarteto-de-schubert-con-forro-y-manillas\/","title":{"rendered":"Concierto familiar de un cuarteto de Schubert con forro y manillas"},"content":{"rendered":"<p>La programaci\u00f3n del Temporada oto\u00f1o seguir\u00e1 el domingo 2 de diciembre, a las 12 h, en el Auditorio Pau Casals, con un espect\u00e1culo de car\u00e1cter familiar, pensado para grandes y peque\u00f1os disfruten de la m\u00fasica en su vertiente m\u00e1s pedag\u00f3gica. En este concierto familiar, David Puertas, acompa\u00f1ado por el cuarteto de la orquesta Camerata XXI, nos cuenta qui\u00e9n era Schubert, las peleas que tuvo con su padre porque no quer\u00eda que el ni\u00f1o fuera m\u00fasico, los conciertos que Franz hac\u00eda en casa de los sus amigos, etc.<\/p>\n<p>Justamente, en la \u00e9poca en que Schubert vivi\u00f3 en Viena, aqu\u00ed en Catalu\u00f1a se empezaban a levantar torres humanas. Mientras \u00e9l compon\u00eda tr\u00edos, cuartetos, canciones y sinfon\u00edas, se montaban pilares de cuatro y se intentaban castillos de seis pisos.<\/p>\n<p>Se trata de un espect\u00e1culo creado por la orquesta reusenca creada en el marco del Teatro Bartrina, sede de la Fundaci\u00f3n Camerata XXI, y estrenada el 18 de marzo de este mismo a\u00f1o. El espect\u00e1culo ha sido concebido para hacer llegar la m\u00fasica de Franz Schubert a toda la familia. T\u00edtulos como La tortilla o La muerte y la doncella hacen acercar esta m\u00fasica al p\u00fablico m\u00e1s familiar. El objetivo es poder escuchar la m\u00fasica de Schubert de cerca, en el escenario, a trav\u00e9s de un cuarteto formado por dos violines, una viola y un violonchelo, que construyen un espectacular castillo musical, con obras del autor vien\u00e9s. Rodeado de la m\u00fasica de Schubert para instrumentos de cuerda, los arcos del cuarteto se unen al gui\u00f3n del divulgador musical David Puertas para acercar al p\u00fablico familiar la m\u00fasica que escribi\u00f3 Schubert en Viena, la capital musical del mundo.<\/p>\n<p>int\u00e9rpretes:<br \/>\nDavid Puertas, narrador<br \/>\nJosep M. Ferrando, viol\u00edn<br \/>\nXavier Blanco, viol\u00edn<br \/>\nAlbert Carbonell, viola<br \/>\nJaume Fraga, violonchelo<\/p>\n<p>CUARTETO DE SCHUBERT CON FORRO Y ESPOSAS<br \/>\nD\u00eda: Domingo, 2 de diciembre<br \/>\nLugar: Auditorio Pau Casals<br \/>\nHora: 12 h<br \/>\nEdad recomendada: a partir de 3 a\u00f1os<br \/>\nPrecio: 6 \u20ac<br \/>\nPrecio con descuento: 4 \u20ac<br \/>\nGratuito para los menores de 3 a\u00f1os<\/p>\n","protected":false},"excerpt":{"rendered":"<p>La programaci\u00f3n del Temporada oto\u00f1o seguir\u00e1 el domingo 2 de diciembre, a las 12 h, en el Auditorio Pau Casals, con un espect\u00e1culo de car\u00e1cter familiar, pensado para grandes y peque\u00f1os disfruten de la m\u00fasica en su vertiente m\u00e1s pedag\u00f3gica. En este concierto familiar, David Puertas, acompa\u00f1ado por el cuarteto de la orquesta Camerata XXI, [&hellip;]<\/p>\n","protected":false},"author":1,"featured_media":23848,"comment_status":"open","ping_status":"closed","sticky":false,"template":"","format":"standard","meta":{"_acf_changed":false,"_et_pb_use_builder":"","_et_pb_old_content":"","_et_gb_content_width":"","content-type":"","footnotes":""},"categories":[],"tags":[],"dipi_cpt_category":[],"class_list":["post-25177","post","type-post","status-publish","format-standard","has-post-thumbnail","hentry"],"acf":[],"_links":{"self":[{"href":"https:\/\/www.elvendrellturisme.com\/es\/wp-json\/wp\/v2\/posts\/25177","targetHints":{"allow":["GET"]}}],"collection":[{"href":"https:\/\/www.elvendrellturisme.com\/es\/wp-json\/wp\/v2\/posts"}],"about":[{"href":"https:\/\/www.elvendrellturisme.com\/es\/wp-json\/wp\/v2\/types\/post"}],"author":[{"embeddable":true,"href":"https:\/\/www.elvendrellturisme.com\/es\/wp-json\/wp\/v2\/users\/1"}],"replies":[{"embeddable":true,"href":"https:\/\/www.elvendrellturisme.com\/es\/wp-json\/wp\/v2\/comments?post=25177"}],"version-history":[{"count":0,"href":"https:\/\/www.elvendrellturisme.com\/es\/wp-json\/wp\/v2\/posts\/25177\/revisions"}],"wp:featuredmedia":[{"embeddable":true,"href":"https:\/\/www.elvendrellturisme.com\/es\/wp-json\/wp\/v2\/media\/23848"}],"wp:attachment":[{"href":"https:\/\/www.elvendrellturisme.com\/es\/wp-json\/wp\/v2\/media?parent=25177"}],"wp:term":[{"taxonomy":"category","embeddable":true,"href":"https:\/\/www.elvendrellturisme.com\/es\/wp-json\/wp\/v2\/categories?post=25177"},{"taxonomy":"post_tag","embeddable":true,"href":"https:\/\/www.elvendrellturisme.com\/es\/wp-json\/wp\/v2\/tags?post=25177"},{"taxonomy":"dipi_cpt_category","embeddable":true,"href":"https:\/\/www.elvendrellturisme.com\/es\/wp-json\/wp\/v2\/dipi_cpt_category?post=25177"}],"curies":[{"name":"wp","href":"https:\/\/api.w.org\/{rel}","templated":true}]}}