{"id":25186,"date":"2018-12-21T12:58:40","date_gmt":"2018-12-21T12:58:40","guid":{"rendered":"http:\/\/tv.dms3labs.cat\/se-aprueba-iniciar-el-expediente-para-catalogar-el-barrio-ferroviario-de-san-vicente-de-calders-como-bien-cultural-y-de-interes-local\/"},"modified":"2018-12-21T12:58:40","modified_gmt":"2018-12-21T12:58:40","slug":"se-aprueba-iniciar-el-expediente-para-catalogar-el-barrio-ferroviario-de-san-vicente-de-calders-como-bien-cultural-y-de-interes-local","status":"publish","type":"post","link":"https:\/\/www.elvendrellturisme.com\/es\/se-aprueba-iniciar-el-expediente-para-catalogar-el-barrio-ferroviario-de-san-vicente-de-calders-como-bien-cultural-y-de-interes-local\/","title":{"rendered":"Se aprueba iniciar el expediente para catalogar el Barrio Ferroviario de San Vicente de Calders como bien cultural y de inter\u00e9s local"},"content":{"rendered":"<p>La Junta de Gobierno Local del pasado lunes 17 de diciembre acord\u00f3 iniciar el expediente para la catalogaci\u00f3n como bien cultural y de inter\u00e9s local del conjunto hist\u00f3rico que constituyen los bienes inmuebles que conforman el Barrio Ferroviario de San Vicente de Calders.<\/p>\n<p>El concejal de Territorio, Josep Mercad\u00e9, explic\u00f3 que &quot;el impulso de esta declaraci\u00f3n se hace despu\u00e9s de haber mantenido conversaciones con ADIF, titular de la propiedad de este conjunto urban\u00edstico, a partir de las que se ha llegado a un consenso verbal para poder trabajar para su conservaci\u00f3n integral &quot;.<\/p>\n<p>Sobre el grado de protecci\u00f3n, Mercad\u00e9 ha dicho que en la elaboraci\u00f3n del expediente de la declaraci\u00f3n de bien cultural y de inter\u00e9s local se definir\u00e1n qu\u00e9 elementos se deber\u00e1n proteger con el objetivo de &quot;conservar una imagen de conjunto y con la idea de una urbanizaci\u00f3n adaptada a esta conservaci\u00f3n &quot;.<\/p>\n","protected":false},"excerpt":{"rendered":"<p>La Junta de Gobierno Local del pasado lunes 17 de diciembre acord\u00f3 iniciar el expediente para la catalogaci\u00f3n como bien cultural y de inter\u00e9s local del conjunto hist\u00f3rico que constituyen los bienes inmuebles que conforman el Barrio Ferroviario de San Vicente de Calders. El concejal de Territorio, Josep Mercad\u00e9, explic\u00f3 que &quot;el impulso de esta [&hellip;]<\/p>\n","protected":false},"author":1,"featured_media":23864,"comment_status":"open","ping_status":"closed","sticky":false,"template":"","format":"standard","meta":{"_acf_changed":false,"_et_pb_use_builder":"","_et_pb_old_content":"","_et_gb_content_width":"","content-type":"","footnotes":""},"categories":[],"tags":[],"dipi_cpt_category":[],"class_list":["post-25186","post","type-post","status-publish","format-standard","has-post-thumbnail","hentry"],"acf":[],"_links":{"self":[{"href":"https:\/\/www.elvendrellturisme.com\/es\/wp-json\/wp\/v2\/posts\/25186","targetHints":{"allow":["GET"]}}],"collection":[{"href":"https:\/\/www.elvendrellturisme.com\/es\/wp-json\/wp\/v2\/posts"}],"about":[{"href":"https:\/\/www.elvendrellturisme.com\/es\/wp-json\/wp\/v2\/types\/post"}],"author":[{"embeddable":true,"href":"https:\/\/www.elvendrellturisme.com\/es\/wp-json\/wp\/v2\/users\/1"}],"replies":[{"embeddable":true,"href":"https:\/\/www.elvendrellturisme.com\/es\/wp-json\/wp\/v2\/comments?post=25186"}],"version-history":[{"count":0,"href":"https:\/\/www.elvendrellturisme.com\/es\/wp-json\/wp\/v2\/posts\/25186\/revisions"}],"wp:featuredmedia":[{"embeddable":true,"href":"https:\/\/www.elvendrellturisme.com\/es\/wp-json\/wp\/v2\/media\/23864"}],"wp:attachment":[{"href":"https:\/\/www.elvendrellturisme.com\/es\/wp-json\/wp\/v2\/media?parent=25186"}],"wp:term":[{"taxonomy":"category","embeddable":true,"href":"https:\/\/www.elvendrellturisme.com\/es\/wp-json\/wp\/v2\/categories?post=25186"},{"taxonomy":"post_tag","embeddable":true,"href":"https:\/\/www.elvendrellturisme.com\/es\/wp-json\/wp\/v2\/tags?post=25186"},{"taxonomy":"dipi_cpt_category","embeddable":true,"href":"https:\/\/www.elvendrellturisme.com\/es\/wp-json\/wp\/v2\/dipi_cpt_category?post=25186"}],"curies":[{"name":"wp","href":"https:\/\/api.w.org\/{rel}","templated":true}]}}