{"id":25205,"date":"2019-02-12T14:03:28","date_gmt":"2019-02-12T14:03:28","guid":{"rendered":"http:\/\/tv.dms3labs.cat\/el-vendrell-lo-tiene-todo-listo-para-vivir-un-carnaval-de-pelicula\/"},"modified":"2019-02-12T14:03:28","modified_gmt":"2019-02-12T14:03:28","slug":"el-vendrell-lo-tiene-todo-listo-para-vivir-un-carnaval-de-pelicula","status":"publish","type":"post","link":"https:\/\/www.elvendrellturisme.com\/es\/el-vendrell-lo-tiene-todo-listo-para-vivir-un-carnaval-de-pelicula\/","title":{"rendered":"El Vendrell lo tiene todo listo para vivir &quot;Un Carnaval de pel\u00edcula&quot;"},"content":{"rendered":"<p>Este martes se ha presentado en rueda de prensa el programa de actos del Carnaval en El Vendrell, que se concentra, fundamentalmente, en dos d\u00edas: el jueves 28 de febrero y el viernes 1 de marzo. Hay que decir que este a\u00f1o la programaci\u00f3n se enmarca en un pack conjunto de los carnavales del Pened\u00e8s Mar\u00edtimo (El Vendrell, Calafell y Cunit), que han coordinado sus r\u00faas para que no se solapen y garantizar as\u00ed una mayor participaci\u00f3n en todas ellas. Asimismo, estos tres municipios han presentado un paquete tur\u00edstico, en colaboraci\u00f3n con el Gremio de Hosteler\u00eda y Restauraci\u00f3n del Baix Pened\u00e8s, que incluye las dos noches de alojamiento del viernes 1 y s\u00e1bado 2 de marzo, los desayunos, la comida y la cena del s\u00e1bado. El precio por persona es de 130 \u20ac, e incluye tambi\u00e9n una entrada en la discoteca Vip s de Calafell.<\/p>\n<p>carnaval infantil<\/p>\n<p>En cuanto al programa de actos del Vendrell, este se iniciar\u00e1 el jueves 28 de febrero, a las 17.30h, cuando se dar\u00e1 inicio al Carnaval infantil, en la plaza Vieja. A esta hora se repartir\u00e1 una chocolatada, y hacia las 18h, habr\u00e1 concierto con el grupo PITA. Su espect\u00e1culo, en versi\u00f3n big band es fresco, atrevido y &quot;canyeru&quot; y con \u00e9l har\u00e1n interactuar a todo el que se deje, cantando sus grandes hits &quot;Verduras y Pescado&quot;, &quot;Piojos&quot; y &quot;Te quiero bastante&quot;. Al terminar, se dar\u00e1 paso a la llegada del Rey Carnaval, a cargo del Grupo de Teatro Inestable El Vendrell.<\/p>\n<p>Desfile de Carnaval<\/p>\n<p>La Rua del viernes 1 de marzo se adelantar\u00e1 media hora para coordinarse con la de Segur de Calafell. El inicio, pues, este a\u00f1o ser\u00e1 a las 19 h.<\/p>\n<p>De forma previa, a las 18.45 h, en la Ctra. de San Vicente (entre la calle Montagut y la calle Transversal), tal como se hizo el a\u00f1o pasado, el REY CARNAVAL dar\u00e1 el pistoletazo de salida a la Rua.<\/p>\n<p>A continuaci\u00f3n, la RUA DE CARNAVAL iniciar\u00e1 el recorrido y en la Ctra. de San Vicente (entre la calle Montagut y la calle Transversal) ser\u00e1 la zona de lucimiento para las carrozas y participantes y donde el jurado valorar\u00e1 los diferentes premios.<\/p>\n<p>Como novedad, el REY CARNAVAL y sus acompa\u00f1antes encabezar\u00e1n la Rua y har\u00e1n todo el recorrido.<\/p>\n<p>Otra novedad ser\u00e1 que el REY CARNAVAL har\u00e1 una parada en la avenida Jaume Carner, a la altura de las Cer\u00e1micas Poblet, donde nos sorprender\u00e1 con su espect\u00e1culo.<\/p>\n<p>Todos los espect\u00e1culos del REY CARNAVAL ir\u00e1n a cargo del GTIV (Grupo de Teatro Inestable El Vendrell).<\/p>\n<p>En cuanto al recorrido de la Rua, se mantiene el mismo que el a\u00f1o pasado, cuando incorpor\u00f3 algunos cambios para hacerlo m\u00e1s ancho y seguro tanto para el p\u00fablico como para los participantes. En concreto, este ser\u00e1: C \/ Flores (concentraci\u00f3n), av. Campo de Deportes, av. Baix Pened\u00e8s, ctra. San Vicente (espect\u00e1culo), av. San Vicente, av. Jaume Carner (espect\u00e1culo y reagrupamiento), c \/ Cerdanya, plaza del Mercado, c \/ Prat de la Riba y La Rambla.<\/p>\n<p>Las inscripciones para la Rua se cierran este pr\u00f3ximo viernes 15 de febrero con un l\u00edmite inicial establecido de 40 carrozas y 15 comparsas. Sin embargo, estas alturas ya se ha tenido que ampliar para no dejar ning\u00fan grupo fuera y de momento, hay inscritas 44 carrozas y 6 comparsas, lo que representa un total de 5.150 participantes, superando ya los 4.900 del a\u00f1o pasado. Eso s\u00ed, las carrozas a\u00f1adidas a las plazas previstas no tienen garantizada la subvenci\u00f3n. En caso de que no se presenten m\u00e1s comparsas, la parte de subvenci\u00f3n que estaba destinada se pasar\u00eda a las carrozas.<\/p>\n<p>Precisamente, en el apartado de subvenciones este a\u00f1o hay novedad, ya que estas se suben un poco. As\u00ed, las carrozas recibir\u00e1n una subvenci\u00f3n de 220 \u20ac (180 \u20ac 2018) y las comparsas que sin carroza recibir\u00e1n 80 \u20ac (50 \u20ac al 2018).<\/p>\n<p>En cuanto a los premios, todos los grupos participantes (carrozas y comparsas) podr\u00e1n optar a los siguientes premios (los mismos del a\u00f1o pasado):<\/p>\n<p>\u2022 1\u00ba premio carroza local: 300 \u20ac<br \/>\n\u2022 2\u00ba premio carroza local: 150 \u20ac<br \/>\n\u2022 1\u00ba premio carroza visitante: 300 \u20ac<br \/>\n\u2022 2\u00ba premio carroza visitante: 150 \u20ac<br \/>\n\u2022 Premio a la mejor coreograf\u00eda: 150 \u20ac<br \/>\n\u2022 Premio al mejor disfraz: 150 \u20ac<\/p>\n<p>Los premiados ser\u00e1n anunciados al finalizar la Rua a trav\u00e9s de las redes sociales de la Concejal\u00eda de Cultura y Fiestas y recibir\u00e1n la comunicaci\u00f3n del premio por correo electr\u00f3nico el lunes siguiente.<\/p>\n<p>El jurado estar\u00e1 formado por Eva M. Serrami\u00e0 Rofes, Concejala de Cultura y Fiestas; un Administrador de Santa Ana 2019; profesionales del mundo de la danza como M\u00edriam Buitrago y Encarna Rodr\u00edguez, y de otras disciplinas como los carrozas Sergi Gonzalez y Pep Costa y las modistas Carmen Gen\u00e9 y Manoli Carvajal.<\/p>\n<p>En el programa de actos tambi\u00e9n se recogen las actividades de Carnaval organizadas por diversas entidades del municipio.<\/p>\n","protected":false},"excerpt":{"rendered":"<p>Este martes se ha presentado en rueda de prensa el programa de actos del Carnaval en El Vendrell, que se concentra, fundamentalmente, en dos d\u00edas: el jueves 28 de febrero y el viernes 1 de marzo. Hay que decir que este a\u00f1o la programaci\u00f3n se enmarca en un pack conjunto de los carnavales del Pened\u00e8s [&hellip;]<\/p>\n","protected":false},"author":1,"featured_media":23900,"comment_status":"open","ping_status":"closed","sticky":false,"template":"","format":"standard","meta":{"_acf_changed":false,"_et_pb_use_builder":"","_et_pb_old_content":"","_et_gb_content_width":"","content-type":"","footnotes":""},"categories":[],"tags":[],"dipi_cpt_category":[],"class_list":["post-25205","post","type-post","status-publish","format-standard","has-post-thumbnail","hentry"],"acf":[],"_links":{"self":[{"href":"https:\/\/www.elvendrellturisme.com\/es\/wp-json\/wp\/v2\/posts\/25205","targetHints":{"allow":["GET"]}}],"collection":[{"href":"https:\/\/www.elvendrellturisme.com\/es\/wp-json\/wp\/v2\/posts"}],"about":[{"href":"https:\/\/www.elvendrellturisme.com\/es\/wp-json\/wp\/v2\/types\/post"}],"author":[{"embeddable":true,"href":"https:\/\/www.elvendrellturisme.com\/es\/wp-json\/wp\/v2\/users\/1"}],"replies":[{"embeddable":true,"href":"https:\/\/www.elvendrellturisme.com\/es\/wp-json\/wp\/v2\/comments?post=25205"}],"version-history":[{"count":0,"href":"https:\/\/www.elvendrellturisme.com\/es\/wp-json\/wp\/v2\/posts\/25205\/revisions"}],"wp:featuredmedia":[{"embeddable":true,"href":"https:\/\/www.elvendrellturisme.com\/es\/wp-json\/wp\/v2\/media\/23900"}],"wp:attachment":[{"href":"https:\/\/www.elvendrellturisme.com\/es\/wp-json\/wp\/v2\/media?parent=25205"}],"wp:term":[{"taxonomy":"category","embeddable":true,"href":"https:\/\/www.elvendrellturisme.com\/es\/wp-json\/wp\/v2\/categories?post=25205"},{"taxonomy":"post_tag","embeddable":true,"href":"https:\/\/www.elvendrellturisme.com\/es\/wp-json\/wp\/v2\/tags?post=25205"},{"taxonomy":"dipi_cpt_category","embeddable":true,"href":"https:\/\/www.elvendrellturisme.com\/es\/wp-json\/wp\/v2\/dipi_cpt_category?post=25205"}],"curies":[{"name":"wp","href":"https:\/\/api.w.org\/{rel}","templated":true}]}}