{"id":25206,"date":"2019-02-16T12:24:33","date_gmt":"2019-02-16T12:24:33","guid":{"rendered":"http:\/\/tv.dms3labs.cat\/se-inicia-la-valoracion-de-ofertas-presentadas-por-las-empresas-interesadas-en-la-contratacion-de-los-trabajos-tecnicos-de-la-reurbanizacion-del-centro-de-coma-ruga\/"},"modified":"2019-02-16T12:24:33","modified_gmt":"2019-02-16T12:24:33","slug":"se-inicia-la-valoracion-de-ofertas-presentadas-por-las-empresas-interesadas-en-la-contratacion-de-los-trabajos-tecnicos-de-la-reurbanizacion-del-centro-de-coma-ruga","status":"publish","type":"post","link":"https:\/\/www.elvendrellturisme.com\/es\/se-inicia-la-valoracion-de-ofertas-presentadas-por-las-empresas-interesadas-en-la-contratacion-de-los-trabajos-tecnicos-de-la-reurbanizacion-del-centro-de-coma-ruga\/","title":{"rendered":"Se inicia la valoraci\u00f3n de ofertas presentadas por las empresas interesadas en la contrataci\u00f3n de los trabajos t\u00e9cnicos de la reurbanizaci\u00f3n del centro de Coma-ruga"},"content":{"rendered":"<p>Hoy jueves 14 de febrero se ha iniciado el proceso de valoraci\u00f3n de las ofertas presentadas por las empresas, en relaci\u00f3n al proceso de contrataci\u00f3n de los trabajos de intervenci\u00f3n t\u00e9cnica de la intervenci\u00f3n urban\u00edstica del centro de Comarruga, vinculados al proyecto FEDER.<\/p>\n<p>Mediante la celebraci\u00f3n de este contrato, se prestar\u00e1 la totalidad de los servicios de intervenci\u00f3n t\u00e9cnica, correspondientes a las obras de urbanizaci\u00f3n del centro de Comarruga, incluida la rehabilitaci\u00f3n del Lago, en el \u00e1mbito previsto en el proyecto aprobado por los fondos FEDER &quot;Recuperaci\u00f3n y dinamizaci\u00f3n del espacio p\u00fablico y elementos patrimoniales del centro urbano de Comarruga como elementos estrat\u00e9gicos de fomento de la actividad tur\u00edstica y econ\u00f3mica&quot;.<\/p>\n<p>Los servicios a contratar son:<\/p>\n<p>Fase de redacci\u00f3n de documentos t\u00e9cnicos:<br \/>\n-Estudio geot\u00e9cnico<br \/>\n-Redacci\u00f3n de proyecto b\u00e1sico y ejecutivo<br \/>\n-Plan de control de calidad<br \/>\n-Estudio de seguridad y salud en el trabajo<\/p>\n<p>Fase de ejecuci\u00f3n de las obras:<br \/>\n-Direcci\u00f3n de las obras<br \/>\n-Direcci\u00f3n de ejecuci\u00f3n material de las obras y control de calidad<br \/>\n-Coordinaci\u00f3n de seguridad y salud<\/p>\n<p>Comprende la actuaci\u00f3n de urbanizaci\u00f3n de una superficie de aproximadamente 9.900 m2 ubicados en el centro del n\u00facleo urbano de Comarruga y rodeado por las calles de Josep Pla y del Arco de Bar\u00e1, y las avenidas del Balneario y de la Generalidad. La urbanizaci\u00f3n comprende varias zonas: Edificio Tabaris, Esta\u00f1o y Plaza Hermanos Trillas.<\/p>\n<p>Se han presentado 3 empresas interesadas.<\/p>\n<p>El 50% del presupuesto de licitaci\u00f3n (IVA excluido) de este contrato est\u00e1 cofinanciado por el Fondo Europeo de Desarrollo Regional (FEDER) de la Uni\u00f3n Europea, en el marco del Programa Operativo FEDER de Catalu\u00f1a 2014-2020. Objetivo de inversi\u00f3n en crecimiento y empleo.<\/p>\n<p>02 14 logos feder web<\/p>\n<p>De forma paralela, el Ayuntamiento de El Vendrell iniciar\u00e1 pr\u00f3ximamente el Estudio de alternativas a la circulaci\u00f3n y el estacionamiento para la mitigaci\u00f3n de los efectos sobre el tr\u00e1fico producidos por las acciones previstas en la urbanizaci\u00f3n del centro de Comarruga incluido al proyecto cofinanciado por el FEDER y su entorno inmediato. Su objetivo es el estudio de circulaci\u00f3n y de varias alternativas para reorganizar la circulaci\u00f3n de veh\u00edculos y el espacio de aparcamiento afectado por la peatonalizaci\u00f3n de algunos de los espacios urbanos (calles y plazas) del centro de Comarruga, que se prev\u00e9 la intervenci\u00f3n urban\u00edstica. Posteriormente, y en base al resultado de este estudio, se decidir\u00e1n las acciones concretas a llevar a cabo.<\/p>\n","protected":false},"excerpt":{"rendered":"<p>Hoy jueves 14 de febrero se ha iniciado el proceso de valoraci\u00f3n de las ofertas presentadas por las empresas, en relaci\u00f3n al proceso de contrataci\u00f3n de los trabajos de intervenci\u00f3n t\u00e9cnica de la intervenci\u00f3n urban\u00edstica del centro de Comarruga, vinculados al proyecto FEDER. Mediante la celebraci\u00f3n de este contrato, se prestar\u00e1 la totalidad de los [&hellip;]<\/p>\n","protected":false},"author":1,"featured_media":23902,"comment_status":"open","ping_status":"closed","sticky":false,"template":"","format":"standard","meta":{"_acf_changed":false,"_et_pb_use_builder":"","_et_pb_old_content":"","_et_gb_content_width":"","content-type":"","footnotes":""},"categories":[],"tags":[],"dipi_cpt_category":[],"class_list":["post-25206","post","type-post","status-publish","format-standard","has-post-thumbnail","hentry"],"acf":[],"_links":{"self":[{"href":"https:\/\/www.elvendrellturisme.com\/es\/wp-json\/wp\/v2\/posts\/25206","targetHints":{"allow":["GET"]}}],"collection":[{"href":"https:\/\/www.elvendrellturisme.com\/es\/wp-json\/wp\/v2\/posts"}],"about":[{"href":"https:\/\/www.elvendrellturisme.com\/es\/wp-json\/wp\/v2\/types\/post"}],"author":[{"embeddable":true,"href":"https:\/\/www.elvendrellturisme.com\/es\/wp-json\/wp\/v2\/users\/1"}],"replies":[{"embeddable":true,"href":"https:\/\/www.elvendrellturisme.com\/es\/wp-json\/wp\/v2\/comments?post=25206"}],"version-history":[{"count":0,"href":"https:\/\/www.elvendrellturisme.com\/es\/wp-json\/wp\/v2\/posts\/25206\/revisions"}],"wp:featuredmedia":[{"embeddable":true,"href":"https:\/\/www.elvendrellturisme.com\/es\/wp-json\/wp\/v2\/media\/23902"}],"wp:attachment":[{"href":"https:\/\/www.elvendrellturisme.com\/es\/wp-json\/wp\/v2\/media?parent=25206"}],"wp:term":[{"taxonomy":"category","embeddable":true,"href":"https:\/\/www.elvendrellturisme.com\/es\/wp-json\/wp\/v2\/categories?post=25206"},{"taxonomy":"post_tag","embeddable":true,"href":"https:\/\/www.elvendrellturisme.com\/es\/wp-json\/wp\/v2\/tags?post=25206"},{"taxonomy":"dipi_cpt_category","embeddable":true,"href":"https:\/\/www.elvendrellturisme.com\/es\/wp-json\/wp\/v2\/dipi_cpt_category?post=25206"}],"curies":[{"name":"wp","href":"https:\/\/api.w.org\/{rel}","templated":true}]}}