{"id":25216,"date":"2019-04-09T13:36:42","date_gmt":"2019-04-09T13:36:42","guid":{"rendered":"http:\/\/tv.dms3labs.cat\/se-ponen-a-la-venta-las-figuras-de-los-gigantes-del-vendrell\/"},"modified":"2019-04-09T13:36:42","modified_gmt":"2019-04-09T13:36:42","slug":"se-ponen-a-la-venta-las-figuras-de-los-gigantes-del-vendrell","status":"publish","type":"post","link":"https:\/\/www.elvendrellturisme.com\/es\/se-ponen-a-la-venta-las-figuras-de-los-gigantes-del-vendrell\/","title":{"rendered":"Se ponen a la venta las figuras de los Gigantes del Vendrell"},"content":{"rendered":"<p>Este lunes 8 de abril, en la Sala de Plenos del Ayuntamiento de El Vendrell, se han presentado las figuras de goma r\u00e9plica de los Gigantes del Vendrell, Salvador y Teresa, que precisamente el pr\u00f3ximo cumplen 90 a\u00f1os. Un acto que ha contado con la presencia de una representaci\u00f3n de la familia de gigantes de El Vendrell, as\u00ed como de los Administradores de Santa Anna.<\/p>\n<p>La concejal\u00eda de Cultura ha recogido la voluntad expresada por varias entidades del Cortejo de fiesta Mayor en el trabajos previos a la Capitalidad de la Cultura Catalana de 2020 en el sentido de ir creando un cat\u00e1logo de reproducciones de los diferentes elementos del Cortejo festivo. As\u00ed, el pr\u00f3ximo a\u00f1o se pondr\u00e1 a la venta otro elemento, que ya en este caso y tambi\u00e9n en los a\u00f1os siguientes ser\u00e1 propuesto por la Comisi\u00f3n de Pasacalles y la Comisi\u00f3n de Fuego.<\/p>\n<p>Las figuras tienen un precio de 25 euros cada una y est\u00e1n hechas por la empresa Festiari.cat, encargada de reproducir en goma muchas de las figuras que participan en las fiestas tradicionales de Catalu\u00f1a a medida de los ni\u00f1os, para darles la posibilidad de tener como elemento de juego un pedazo de la cultura popular en forma de gigante, de bestia o de renacuajo, entre otros.<\/p>\n<p>Las figuras se podr\u00e1n comprar en las oficinas de la Concejal\u00eda de Cultura, el Museo Diez, la Casa Museo \u00c1ngel Guimer\u00e1 y en la Oficina de Turismo de Comarruga. En el caso de comprar las dos, adem\u00e1s, se regala unos recortables de la Fiesta Mayor.<\/p>\n<p>Para el presidente de los Gigantes del Vendrell, Joan Farr\u00e9, el hecho de que hayan sido los gigantes viejos los primeros de la colecci\u00f3n del festiari Vendrell &quot;es un orgullo, ya que son dos figuras emblem\u00e1ticas muy queridas por la gente de El Vendrell, especialmente por los ni\u00f1os &quot;.<\/p>\n<p>Para la Concejala de Cultura, Eva M. Serrami\u00e0, &quot;las figuras de los gigantes pueden ser una buena opci\u00f3n para que los abuelos y abuelas puedan adornar los monos de sus ahijados y ahijadas esta Semana Santa&quot;. Por otra parte, tambi\u00e9n resalt\u00f3 que alrededor de las figuras del festiari existe un amplio movimiento coleccionista, muy interesado en adquirir este tipo de piezas.<\/p>\n","protected":false},"excerpt":{"rendered":"<p>Este lunes 8 de abril, en la Sala de Plenos del Ayuntamiento de El Vendrell, se han presentado las figuras de goma r\u00e9plica de los Gigantes del Vendrell, Salvador y Teresa, que precisamente el pr\u00f3ximo cumplen 90 a\u00f1os. Un acto que ha contado con la presencia de una representaci\u00f3n de la familia de gigantes de [&hellip;]<\/p>\n","protected":false},"author":1,"featured_media":23922,"comment_status":"open","ping_status":"closed","sticky":false,"template":"","format":"standard","meta":{"_acf_changed":false,"_et_pb_use_builder":"","_et_pb_old_content":"","_et_gb_content_width":"","content-type":"","footnotes":""},"categories":[],"tags":[],"dipi_cpt_category":[],"class_list":["post-25216","post","type-post","status-publish","format-standard","has-post-thumbnail","hentry"],"acf":[],"_links":{"self":[{"href":"https:\/\/www.elvendrellturisme.com\/es\/wp-json\/wp\/v2\/posts\/25216","targetHints":{"allow":["GET"]}}],"collection":[{"href":"https:\/\/www.elvendrellturisme.com\/es\/wp-json\/wp\/v2\/posts"}],"about":[{"href":"https:\/\/www.elvendrellturisme.com\/es\/wp-json\/wp\/v2\/types\/post"}],"author":[{"embeddable":true,"href":"https:\/\/www.elvendrellturisme.com\/es\/wp-json\/wp\/v2\/users\/1"}],"replies":[{"embeddable":true,"href":"https:\/\/www.elvendrellturisme.com\/es\/wp-json\/wp\/v2\/comments?post=25216"}],"version-history":[{"count":0,"href":"https:\/\/www.elvendrellturisme.com\/es\/wp-json\/wp\/v2\/posts\/25216\/revisions"}],"wp:featuredmedia":[{"embeddable":true,"href":"https:\/\/www.elvendrellturisme.com\/es\/wp-json\/wp\/v2\/media\/23922"}],"wp:attachment":[{"href":"https:\/\/www.elvendrellturisme.com\/es\/wp-json\/wp\/v2\/media?parent=25216"}],"wp:term":[{"taxonomy":"category","embeddable":true,"href":"https:\/\/www.elvendrellturisme.com\/es\/wp-json\/wp\/v2\/categories?post=25216"},{"taxonomy":"post_tag","embeddable":true,"href":"https:\/\/www.elvendrellturisme.com\/es\/wp-json\/wp\/v2\/tags?post=25216"},{"taxonomy":"dipi_cpt_category","embeddable":true,"href":"https:\/\/www.elvendrellturisme.com\/es\/wp-json\/wp\/v2\/dipi_cpt_category?post=25216"}],"curies":[{"name":"wp","href":"https:\/\/api.w.org\/{rel}","templated":true}]}}