{"id":25223,"date":"2019-04-25T10:17:38","date_gmt":"2019-04-25T10:17:38","guid":{"rendered":"http:\/\/tv.dms3labs.cat\/la-sala-portal-del-pardo-acoge-la-exposicion-de-los-trabajos-de-los-alumnos-de-la-escuela-municipal-de-arte-apel%c2%b7les-fenosa\/"},"modified":"2019-04-25T10:17:38","modified_gmt":"2019-04-25T10:17:38","slug":"la-sala-portal-del-pardo-acoge-la-exposicion-de-los-trabajos-de-los-alumnos-de-la-escuela-municipal-de-arte-apel%c2%b7les-fenosa","status":"publish","type":"post","link":"https:\/\/www.elvendrellturisme.com\/es\/la-sala-portal-del-pardo-acoge-la-exposicion-de-los-trabajos-de-los-alumnos-de-la-escuela-municipal-de-arte-apel%c2%b7les-fenosa\/","title":{"rendered":"La Sala Portal del Pardo acoge la exposici\u00f3n de los trabajos de los alumnos de la Escuela Municipal de Arte Apel\u00b7les Fenosa"},"content":{"rendered":"<p>Un a\u00f1o m\u00e1s, la Escuela de Arte muestra los trabajos confeccionados a lo largo del curso por los alumnos de la misma Escuela y de las escuelas \u00c0ngels Garriga, Teresina Martorell y Garb\u00ed. La exposici\u00f3n se inaugurar\u00e1 el pr\u00f3ximo viernes 26 de abril, a las 20h, en la Sala del Portal del Pardo y se podr\u00e1 visitar hasta el 11 de mayo.<\/p>\n<p>Estos trabajos, realizados con ilusi\u00f3n y esfuerzo, llenos de imaginaci\u00f3n y creatividad, reflejan el despertar de la curiosidad y el inter\u00e9s por el arte a partir de dibujos, pinturas, collages &#8230; Conforman una experiencia \u00fatil para el desarrollo y la educaci\u00f3n de la sensibilidad, a trav\u00e9s de la manipulaci\u00f3n de colores, formas, texturas, vol\u00famenes&#8230; los trabajos art\u00edsticos ayudan a potenciar la percepci\u00f3n sensorial, las emociones y los pensamientos; desarrollan las posibilidades expresivas y creativas propias de los alumnos y dan como resultado unas peque\u00f1as obras de arte muy personales y singulares.<\/p>\n<p>La Escuela Municipal de Arte Apel\u00b7les Fenosa, a cargo de Dolors Escot\u00e9 y Joaquim Mil\u00e0, especializada en la t\u00e9cnica art\u00edstica del dibujo, la pintura y el esmalte, es un espacio de aprendizaje continuo y progresivo, que vela para que sean respetadas las capacidades y las necesidades de cada uno a trav\u00e9s de la atenci\u00f3n individualizada.<\/p>\n<p>La exposici\u00f3n se podr\u00e1 visitar de martes a s\u00e1bado de 17 a 20 h; s\u00e1bado y domingo de 11 h a 14 h. El 1 de mayo la sala permanecer\u00e1 cerrada.<\/p>\n","protected":false},"excerpt":{"rendered":"<p>Un a\u00f1o m\u00e1s, la Escuela de Arte muestra los trabajos confeccionados a lo largo del curso por los alumnos de la misma Escuela y de las escuelas \u00c0ngels Garriga, Teresina Martorell y Garb\u00ed. La exposici\u00f3n se inaugurar\u00e1 el pr\u00f3ximo viernes 26 de abril, a las 20h, en la Sala del Portal del Pardo y se [&hellip;]<\/p>\n","protected":false},"author":1,"featured_media":23936,"comment_status":"open","ping_status":"closed","sticky":false,"template":"","format":"standard","meta":{"_acf_changed":false,"_et_pb_use_builder":"","_et_pb_old_content":"","_et_gb_content_width":"","content-type":"","footnotes":""},"categories":[],"tags":[],"dipi_cpt_category":[],"class_list":["post-25223","post","type-post","status-publish","format-standard","has-post-thumbnail","hentry"],"acf":[],"_links":{"self":[{"href":"https:\/\/www.elvendrellturisme.com\/es\/wp-json\/wp\/v2\/posts\/25223","targetHints":{"allow":["GET"]}}],"collection":[{"href":"https:\/\/www.elvendrellturisme.com\/es\/wp-json\/wp\/v2\/posts"}],"about":[{"href":"https:\/\/www.elvendrellturisme.com\/es\/wp-json\/wp\/v2\/types\/post"}],"author":[{"embeddable":true,"href":"https:\/\/www.elvendrellturisme.com\/es\/wp-json\/wp\/v2\/users\/1"}],"replies":[{"embeddable":true,"href":"https:\/\/www.elvendrellturisme.com\/es\/wp-json\/wp\/v2\/comments?post=25223"}],"version-history":[{"count":0,"href":"https:\/\/www.elvendrellturisme.com\/es\/wp-json\/wp\/v2\/posts\/25223\/revisions"}],"wp:featuredmedia":[{"embeddable":true,"href":"https:\/\/www.elvendrellturisme.com\/es\/wp-json\/wp\/v2\/media\/23936"}],"wp:attachment":[{"href":"https:\/\/www.elvendrellturisme.com\/es\/wp-json\/wp\/v2\/media?parent=25223"}],"wp:term":[{"taxonomy":"category","embeddable":true,"href":"https:\/\/www.elvendrellturisme.com\/es\/wp-json\/wp\/v2\/categories?post=25223"},{"taxonomy":"post_tag","embeddable":true,"href":"https:\/\/www.elvendrellturisme.com\/es\/wp-json\/wp\/v2\/tags?post=25223"},{"taxonomy":"dipi_cpt_category","embeddable":true,"href":"https:\/\/www.elvendrellturisme.com\/es\/wp-json\/wp\/v2\/dipi_cpt_category?post=25223"}],"curies":[{"name":"wp","href":"https:\/\/api.w.org\/{rel}","templated":true}]}}