{"id":25226,"date":"2019-05-02T11:53:36","date_gmt":"2019-05-02T11:53:36","guid":{"rendered":"http:\/\/tv.dms3labs.cat\/la-exposicion-la-tabla-periodica-como-no-la-has-visto-nunca-en-la-sala-del-portal-del-pardo\/"},"modified":"2019-05-02T11:53:36","modified_gmt":"2019-05-02T11:53:36","slug":"la-exposicion-la-tabla-periodica-como-no-la-has-visto-nunca-en-la-sala-del-portal-del-pardo","status":"publish","type":"post","link":"https:\/\/www.elvendrellturisme.com\/es\/la-exposicion-la-tabla-periodica-como-no-la-has-visto-nunca-en-la-sala-del-portal-del-pardo\/","title":{"rendered":"La exposici\u00f3n &quot;La tabla peri\u00f3dica como no la has visto nunca&quot; en la Sala del Portal del Pardo"},"content":{"rendered":"<p>Aprovechando que en 2019 ha sido declarado por la ONU el A\u00f1o Internacional de la Tabla Peri\u00f3dica, se est\u00e1 preparando el Vendrell una exposici\u00f3n que tendr\u00e1 lugar entre el 6 y el 12 de mayo, en la Sala del Portal del Pardo, coincidiendo con la Feria de la Ciencia, que ser\u00e1 el 11 de mayo, de 17 a 20 h, en la Rambla.<\/p>\n<p>La exposici\u00f3n se inaugurar\u00e1 el 6 de mayo, a las 18 h.<\/p>\n<p>La Concejal\u00eda de Educaci\u00f3n ha puesto en contacto con los centros educativos del municipio para recomendar la visita a la exposici\u00f3n a grupos de secundaria y bachillerato cient\u00edfico y t\u00e9cnico. Tambi\u00e9n puede resultar interesante la visita de alumnos de ciclo superior de primaria, 5\u00ba y 6\u00ba. Estas visitas se har\u00e1n jueves y viernes de 9 a 13 h y de 15 a 17 h, y correr\u00e1n a cargo de Marc Boada, divulgador cient\u00edfico, escritor y orador p\u00fablico.<\/p>\n","protected":false},"excerpt":{"rendered":"<p>Aprovechando que en 2019 ha sido declarado por la ONU el A\u00f1o Internacional de la Tabla Peri\u00f3dica, se est\u00e1 preparando el Vendrell una exposici\u00f3n que tendr\u00e1 lugar entre el 6 y el 12 de mayo, en la Sala del Portal del Pardo, coincidiendo con la Feria de la Ciencia, que ser\u00e1 el 11 de mayo, [&hellip;]<\/p>\n","protected":false},"author":1,"featured_media":23942,"comment_status":"open","ping_status":"closed","sticky":false,"template":"","format":"standard","meta":{"_acf_changed":false,"_et_pb_use_builder":"","_et_pb_old_content":"","_et_gb_content_width":"","content-type":"","footnotes":""},"categories":[],"tags":[],"dipi_cpt_category":[],"class_list":["post-25226","post","type-post","status-publish","format-standard","has-post-thumbnail","hentry"],"acf":[],"_links":{"self":[{"href":"https:\/\/www.elvendrellturisme.com\/es\/wp-json\/wp\/v2\/posts\/25226","targetHints":{"allow":["GET"]}}],"collection":[{"href":"https:\/\/www.elvendrellturisme.com\/es\/wp-json\/wp\/v2\/posts"}],"about":[{"href":"https:\/\/www.elvendrellturisme.com\/es\/wp-json\/wp\/v2\/types\/post"}],"author":[{"embeddable":true,"href":"https:\/\/www.elvendrellturisme.com\/es\/wp-json\/wp\/v2\/users\/1"}],"replies":[{"embeddable":true,"href":"https:\/\/www.elvendrellturisme.com\/es\/wp-json\/wp\/v2\/comments?post=25226"}],"version-history":[{"count":0,"href":"https:\/\/www.elvendrellturisme.com\/es\/wp-json\/wp\/v2\/posts\/25226\/revisions"}],"wp:featuredmedia":[{"embeddable":true,"href":"https:\/\/www.elvendrellturisme.com\/es\/wp-json\/wp\/v2\/media\/23942"}],"wp:attachment":[{"href":"https:\/\/www.elvendrellturisme.com\/es\/wp-json\/wp\/v2\/media?parent=25226"}],"wp:term":[{"taxonomy":"category","embeddable":true,"href":"https:\/\/www.elvendrellturisme.com\/es\/wp-json\/wp\/v2\/categories?post=25226"},{"taxonomy":"post_tag","embeddable":true,"href":"https:\/\/www.elvendrellturisme.com\/es\/wp-json\/wp\/v2\/tags?post=25226"},{"taxonomy":"dipi_cpt_category","embeddable":true,"href":"https:\/\/www.elvendrellturisme.com\/es\/wp-json\/wp\/v2\/dipi_cpt_category?post=25226"}],"curies":[{"name":"wp","href":"https:\/\/api.w.org\/{rel}","templated":true}]}}