{"id":25227,"date":"2019-05-06T12:28:17","date_gmt":"2019-05-06T12:28:17","guid":{"rendered":"http:\/\/tv.dms3labs.cat\/el-festival-internacional-de-musica-pau-casals-2019-tendra-bach-como-protagonista\/"},"modified":"2019-05-06T12:28:17","modified_gmt":"2019-05-06T12:28:17","slug":"el-festival-internacional-de-musica-pau-casals-2019-tendra-bach-como-protagonista","status":"publish","type":"post","link":"https:\/\/www.elvendrellturisme.com\/es\/el-festival-internacional-de-musica-pau-casals-2019-tendra-bach-como-protagonista\/","title":{"rendered":"El Festival Internacional de M\u00fasica Pau Casals 2019 tendr\u00e1 Bach como protagonista"},"content":{"rendered":"<p>Johannes Sebastian Bach ser\u00e1 el protagonista de la 39\u00aa edici\u00f3n del Festival Internacional de M\u00fasica Pau Casals, que tendr\u00e1 lugar del 12 al 23 de julio. Bajo el eje tem\u00e1tico &quot;Casals y Bach&quot;, la edici\u00f3n de este a\u00f1o hace hincapi\u00e9 en la profunda admiraci\u00f3n que sent\u00eda el Maestro por el compositor alem\u00e1n, que tambi\u00e9n fue fuente de inspiraci\u00f3n innegable de su obra. En palabras del propio Pau Casals: &quot;Bach es el momento m\u00e1s elevado y m\u00e1s puro de m\u00fasica de todos los tiempos&quot;.<\/p>\n<p>En el marco del Festival, se podr\u00e1n escuchar hasta una treintena de piezas del compositor alem\u00e1n.<\/p>\n<p>El Festival, organizado por el Ayuntamiento del Vendrell y el Auditorio Pau Casals y que cuenta con la colaboraci\u00f3n de la Fundaci\u00f3n Pau Casals, programa este a\u00f1o siete conciertos con artistas de la escena nacional e internacional y dos proyecciones sobre el Maestro con actuaciones en directo.<\/p>\n<p>En la edici\u00f3n de este a\u00f1o, destaca la participaci\u00f3n en el Festival de dos artistas internacionales de relevancia. Por un lado, el solista y concertista italiano Giuliano Carmignola protagonizar\u00e1 el concierto del d\u00eda 16 de julio en el Auditorio Pau Casals &quot;Los conciertos de viol\u00edn&quot;, acompa\u00f1ado de los flautistas Julia Gallego y Magali Mosnier y de la formaci\u00f3n catalana Orquesta Da C\u00e1mara. De nuevo, el 19 de julio, el violinista Carmignola ofrecer\u00e1 un concierto bajo el t\u00edtulo, &quot;Los conciertos de Brandenburgo&quot;, que contar\u00e1 con Justin Taylor (clavec\u00edn), Lucas Macias-Navarro (oboe), Magali Mosnier (flauta) y el orquesta Da C\u00e1mara. En ambos casos, el repertorio s\u00f3lo incluir\u00e1 obras del compositor alem\u00e1n.<\/p>\n<p>Por otra parte, el Festival Internacional de M\u00fasica Pau Casals tambi\u00e9n contar\u00e1 con la actuaci\u00f3n estelar de Olivier Latry, organista principal de Notre Dame de Par\u00eds. El 18 de julio ofrecer\u00e1 en la iglesia parroquial del municipio un concierto dedicado a Bach con piezas de Couperin y de Grigny.<\/p>\n<p>El concierto inaugural previsto para el s\u00e1bado 13 de julio en el Auditorio, y siguiendo la voluntad de Pau Casals de promover el talento joven, ir\u00e1 a cargo del violoncellista Victor Julien-Laferri\u00e8re, artista multipremiado y ganador del Queen Elisabeth Competition 2017. Acompa\u00f1ado del pianista David Kadouch, Julien-Laferri\u00e8re interpretar\u00e1, adem\u00e1s de temas de J.S. Bach, dos sonatas de Beethoven y Mendelssohn, compositores que encontraron en Bach una fuente de inspiraci\u00f3n esencial.<\/p>\n<p>En la programaci\u00f3n tambi\u00e9n destaca la presencia del joven clavecinista Justin Taylor, que, m\u00e1s all\u00e1 de acompa\u00f1ar el gran Giuliano Carmignola el d\u00eda 19 de julio, dirigir\u00e1 y tocar\u00e1 con la soprano catalana Elena Copons y la formaci\u00f3n The Consort, el concierto de clausura del Festival, &quot;Las m\u00e1s bellas arias de Bach&quot;, el 23 de julio.<\/p>\n<p>Completan el programa de la 39 edici\u00f3n del Festival, el concierto del pianista Francesco Piemontesi, que abordar\u00e1 el Bach m\u00e1s rom\u00e1ntico el 17 de julio en el Auditorio. El 20 de julio, el reconocido violonchelista alem\u00e1n Alban Gerhardt interpretar\u00e1 &quot;Las suites para violonchelo solo&quot; de J.S. Bach.<\/p>\n<p>M\u00e1s proyecciones de Casals<\/p>\n<p>Siguiendo con la tradici\u00f3n de los dos \u00faltimos a\u00f1os, el Festival Pau Casals trata de hacer revivir Casals en su ciudad natal y difundir su legado musical y human\u00edstico, gracias a una selecci\u00f3n de pel\u00edculas hechas a lo largo de los \u00faltimos treinta a\u00f1os de su vida. La Fundaci\u00f3n Casals ha dedicado a reunir todos los documentos audiovisuales in\u00e9ditos de Casals, restaurarlos y conservarlos: conciertos, ensayos, reportajes, entrevistas, Master Clases, testigos &#8230; Estos documentos fueron filmados o grabados en Puerto Rico , Prada de Conflent, Marlboro, Berl\u00edn, Budapest, California, Jap\u00f3n, Suiza o M\u00e9xico.<\/p>\n<p>As\u00ed pues, aparte de los conciertos que ofrece la programaci\u00f3n, la 39\u00aa edici\u00f3n tambi\u00e9n presenta actividades complementarias a las propuestas musicales: &quot;Pau Casals en im\u00e1genes&quot;. Dos sesiones de proyecciones al aire libre en la plaza del T\u00edvoli del Vendrell, que tendr\u00e1n lugar el 12 y el 22 de julio a las 22 h. La proyecci\u00f3n de los audiovisuales ir\u00e1 precedida de actuaciones en directo, en el primer caso, de Victor-Julien Laferri\u00e8re (violonchelo) y Magali Mosnier (flauta), que participan de los conciertos del Festival, y, en el segundo caso, del Coro Zongora, formado por cantantes, alumnos o ex alumnos de la Escuela de Municipal de M\u00fasica Pau Casals, dirigidos por Montserrat Meneses.<\/p>\n<p>Venta de entradas<\/p>\n<p>Las entradas para asistir al Festival se podr\u00e1n adquirir a partir del 15 de mayo en las taquillas del Auditorio Pau Casals de El Vendrell o bien por internet en la p\u00e1gina web: https:\/\/www.auditoripaucasals.cat.<\/p>\n","protected":false},"excerpt":{"rendered":"<p>Johannes Sebastian Bach ser\u00e1 el protagonista de la 39\u00aa edici\u00f3n del Festival Internacional de M\u00fasica Pau Casals, que tendr\u00e1 lugar del 12 al 23 de julio. Bajo el eje tem\u00e1tico &quot;Casals y Bach&quot;, la edici\u00f3n de este a\u00f1o hace hincapi\u00e9 en la profunda admiraci\u00f3n que sent\u00eda el Maestro por el compositor alem\u00e1n, que tambi\u00e9n fue [&hellip;]<\/p>\n","protected":false},"author":1,"featured_media":23944,"comment_status":"open","ping_status":"closed","sticky":false,"template":"","format":"standard","meta":{"_acf_changed":false,"_et_pb_use_builder":"","_et_pb_old_content":"","_et_gb_content_width":"","content-type":"","footnotes":""},"categories":[],"tags":[],"dipi_cpt_category":[],"class_list":["post-25227","post","type-post","status-publish","format-standard","has-post-thumbnail","hentry"],"acf":[],"_links":{"self":[{"href":"https:\/\/www.elvendrellturisme.com\/es\/wp-json\/wp\/v2\/posts\/25227","targetHints":{"allow":["GET"]}}],"collection":[{"href":"https:\/\/www.elvendrellturisme.com\/es\/wp-json\/wp\/v2\/posts"}],"about":[{"href":"https:\/\/www.elvendrellturisme.com\/es\/wp-json\/wp\/v2\/types\/post"}],"author":[{"embeddable":true,"href":"https:\/\/www.elvendrellturisme.com\/es\/wp-json\/wp\/v2\/users\/1"}],"replies":[{"embeddable":true,"href":"https:\/\/www.elvendrellturisme.com\/es\/wp-json\/wp\/v2\/comments?post=25227"}],"version-history":[{"count":0,"href":"https:\/\/www.elvendrellturisme.com\/es\/wp-json\/wp\/v2\/posts\/25227\/revisions"}],"wp:featuredmedia":[{"embeddable":true,"href":"https:\/\/www.elvendrellturisme.com\/es\/wp-json\/wp\/v2\/media\/23944"}],"wp:attachment":[{"href":"https:\/\/www.elvendrellturisme.com\/es\/wp-json\/wp\/v2\/media?parent=25227"}],"wp:term":[{"taxonomy":"category","embeddable":true,"href":"https:\/\/www.elvendrellturisme.com\/es\/wp-json\/wp\/v2\/categories?post=25227"},{"taxonomy":"post_tag","embeddable":true,"href":"https:\/\/www.elvendrellturisme.com\/es\/wp-json\/wp\/v2\/tags?post=25227"},{"taxonomy":"dipi_cpt_category","embeddable":true,"href":"https:\/\/www.elvendrellturisme.com\/es\/wp-json\/wp\/v2\/dipi_cpt_category?post=25227"}],"curies":[{"name":"wp","href":"https:\/\/api.w.org\/{rel}","templated":true}]}}