{"id":25236,"date":"2019-05-13T12:42:09","date_gmt":"2019-05-13T12:42:09","guid":{"rendered":"http:\/\/tv.dms3labs.cat\/una-actividad-pedagogica-del-proyecto-feder-da-a-conocer-a-los-ninos-la-historia-y-la-evolucion-de-comarruga\/"},"modified":"2019-05-13T12:42:09","modified_gmt":"2019-05-13T12:42:09","slug":"una-actividad-pedagogica-del-proyecto-feder-da-a-conocer-a-los-ninos-la-historia-y-la-evolucion-de-comarruga","status":"publish","type":"post","link":"https:\/\/www.elvendrellturisme.com\/es\/una-actividad-pedagogica-del-proyecto-feder-da-a-conocer-a-los-ninos-la-historia-y-la-evolucion-de-comarruga\/","title":{"rendered":"Una actividad pedag\u00f3gica del proyecto FEDER da a conocer a los ni\u00f1os la historia y la evoluci\u00f3n de Comarruga"},"content":{"rendered":"<p>El proyecto FEDER impulsado por el Ayuntamiento de El Vendrell y destinado a recuperar y dinamizar el espacio p\u00fablico y elementos patrimoniales del centro urbano de Comarruga ha realizado recientemente dos acciones de difusi\u00f3n del proyecto, una destinada a los ni\u00f1os y otra al p\u00fablico en general.<\/p>\n<p>Casi 300 alumnos de segundo a sexto de primaria de las escuelas Los Secallets y Plan de Mar han participado de la actividad pedag\u00f3gica &quot;La playa de Comarruga&quot;, conducida por el Museo Diez y la t\u00e9cnica de turismo del FEDER. A trav\u00e9s de un relato imaginario en el que Ram\u00f3n, un ni\u00f1o que vino a veranear hace cien a\u00f1os en una de las casetas de la calle Villafranca, env\u00eda a su amigo Juan recuerdos de su estancia en Comarruga, postales y botes llenos de recuerdos (arena, agua de mar, agua termal, hierbas de la playa &#8230;), los ni\u00f1os comprenden cu\u00e1l ha sido la evoluci\u00f3n de su barrio, al tiempo aprenden a identificar los espacios que le dan identidad.<\/p>\n<p>Esta iniciativa ha tenido una muy buena acogida; el alumnado y el profesorado ha colaborado activamente con preguntas durante toda la actividad, demostrando gran inter\u00e9s por su pasado hist\u00f3rico. El resultado de esta experiencia se materializa en el hecho de que los ni\u00f1os, al igual que Ram\u00f3n, escriben una postal, haciendo un dibujo sobre Comarruga que transmita lo m\u00e1s les gusta del barrio, as\u00ed como deseos de mejora en un escrito en su reverso.<\/p>\n<p>La segunda acci\u00f3n de difusi\u00f3n del proyecto FEDER es la recopilaci\u00f3n de fotograf\u00edas antiguas de espacios emblem\u00e1ticos de Comarruga. El objetivo es reunir documentaci\u00f3n gr\u00e1fica desde principios de siglo XX hasta la d\u00e9cada de los setenta, con el fin de dar a conocer de forma visual las transformaciones urbano-tur\u00edsticas de este barrio mar\u00edtimo, as\u00ed como fomentar el sentimiento de pertenencia a un barrio de gran valor para el municipio. Todas las postales y una selecci\u00f3n de las fotograf\u00edas aportadas por particulares estar\u00e1n expuestas en la Feria Turismar 2019, que se celebrar\u00e1 del 21 al 24 de junio, en Coma-ruga.<\/p>\n","protected":false},"excerpt":{"rendered":"<p>El proyecto FEDER impulsado por el Ayuntamiento de El Vendrell y destinado a recuperar y dinamizar el espacio p\u00fablico y elementos patrimoniales del centro urbano de Comarruga ha realizado recientemente dos acciones de difusi\u00f3n del proyecto, una destinada a los ni\u00f1os y otra al p\u00fablico en general. Casi 300 alumnos de segundo a sexto de [&hellip;]<\/p>\n","protected":false},"author":1,"featured_media":23962,"comment_status":"open","ping_status":"closed","sticky":false,"template":"","format":"standard","meta":{"_acf_changed":false,"_et_pb_use_builder":"","_et_pb_old_content":"","_et_gb_content_width":"","content-type":"","footnotes":""},"categories":[],"tags":[],"dipi_cpt_category":[],"class_list":["post-25236","post","type-post","status-publish","format-standard","has-post-thumbnail","hentry"],"acf":[],"_links":{"self":[{"href":"https:\/\/www.elvendrellturisme.com\/es\/wp-json\/wp\/v2\/posts\/25236","targetHints":{"allow":["GET"]}}],"collection":[{"href":"https:\/\/www.elvendrellturisme.com\/es\/wp-json\/wp\/v2\/posts"}],"about":[{"href":"https:\/\/www.elvendrellturisme.com\/es\/wp-json\/wp\/v2\/types\/post"}],"author":[{"embeddable":true,"href":"https:\/\/www.elvendrellturisme.com\/es\/wp-json\/wp\/v2\/users\/1"}],"replies":[{"embeddable":true,"href":"https:\/\/www.elvendrellturisme.com\/es\/wp-json\/wp\/v2\/comments?post=25236"}],"version-history":[{"count":0,"href":"https:\/\/www.elvendrellturisme.com\/es\/wp-json\/wp\/v2\/posts\/25236\/revisions"}],"wp:featuredmedia":[{"embeddable":true,"href":"https:\/\/www.elvendrellturisme.com\/es\/wp-json\/wp\/v2\/media\/23962"}],"wp:attachment":[{"href":"https:\/\/www.elvendrellturisme.com\/es\/wp-json\/wp\/v2\/media?parent=25236"}],"wp:term":[{"taxonomy":"category","embeddable":true,"href":"https:\/\/www.elvendrellturisme.com\/es\/wp-json\/wp\/v2\/categories?post=25236"},{"taxonomy":"post_tag","embeddable":true,"href":"https:\/\/www.elvendrellturisme.com\/es\/wp-json\/wp\/v2\/tags?post=25236"},{"taxonomy":"dipi_cpt_category","embeddable":true,"href":"https:\/\/www.elvendrellturisme.com\/es\/wp-json\/wp\/v2\/dipi_cpt_category?post=25236"}],"curies":[{"name":"wp","href":"https:\/\/api.w.org\/{rel}","templated":true}]}}