{"id":25238,"date":"2019-05-15T10:15:24","date_gmt":"2019-05-15T10:15:24","guid":{"rendered":"http:\/\/tv.dms3labs.cat\/la-sala-portal-del-pardo-acoge-la-exposicion-de-las-obras-de-los-alumnos-de-las-aulas-artisticas\/"},"modified":"2019-05-15T10:15:24","modified_gmt":"2019-05-15T10:15:24","slug":"la-sala-portal-del-pardo-acoge-la-exposicion-de-las-obras-de-los-alumnos-de-las-aulas-artisticas","status":"publish","type":"post","link":"https:\/\/www.elvendrellturisme.com\/es\/la-sala-portal-del-pardo-acoge-la-exposicion-de-las-obras-de-los-alumnos-de-las-aulas-artisticas\/","title":{"rendered":"La Sala Portal del Pardo acoge la exposici\u00f3n de las obras de los alumnos de las Aulas Art\u00edsticas"},"content":{"rendered":"<p>El pr\u00f3ximo viernes 17 de mayo, a las 20h, en la Sala Portal del Pardo, tendr\u00e1 lugar la inauguraci\u00f3n de la exposici\u00f3n de las obras de los alumnos de las Aulas Art\u00edsticas.<\/p>\n<p>En primer lugar se har\u00e1 la inauguraci\u00f3n de los trabajos del Aula de Cer\u00e1mica y se har\u00e1 la entrega de diplomas a sus alumnos. La propuesta de este a\u00f1o para los adultos del Aula de Cer\u00e1mica ha sido realizar una serie de piezas reinterpretadas desde los Or\u00edgenes, es decir, desde la Prehistoria hasta la Edad del hierro. En esta muestra encontraremos preciosas adaptaciones de piezas tanto utilitarias como decorativas y tambi\u00e9n algunas &quot;licencias de artista&quot;.<\/p>\n<p>En cuanto a los m\u00e1s peque\u00f1os del Aula, durante este curso han creado personajes y han recreado espacios con todos los detalles &quot;absolutamente imprescindibles&quot; inspirados en el libro de &quot;La casa dels Ratolins&quot;.<\/p>\n<p>El mismo viernes, despu\u00e9s de presentar los trabajos del Aula de Cer\u00e1mica, inaugurar\u00e1n los trabajos de los alumnos del Aula Fenosiana de Escultura; tambi\u00e9n se dar\u00e1n los diplomas a sus alumnos y, a continuaci\u00f3n, se ofrecer\u00e1 una performance a cargo de Ferran Aixal\u00e0 y Roviart bajo el t\u00edtulo &quot;Acting delirium Magia est\u00fapida&quot;.<\/p>\n<p>Los trabajos de este a\u00f1o de los alumnos del grupo del Aula Fenosiana de Escultura giran en torno a la poes\u00eda; concretamente, en el entorno del poeta catal\u00e1n Joan Brossa, con motivo de la efem\u00e9ride del centenario de su nacimiento. Un ejercicio donde todos los participantes han recogido el mensaje surrealista y a la vez ir\u00f3nico, pero tambi\u00e9n conceptual que el poeta ha dejado en herencia. A trav\u00e9s de varios y diferentes materiales como &quot;objets trouv\u00e9s&quot; y otros m\u00e1s cl\u00e1sicos como es el modelado, nos ofrecen una visi\u00f3n muy rica en emociones y sentimientos dejando la huella de unos caminos donde la escultura contempor\u00e1nea de la mano de la eterna poes\u00eda libre de los ismos.<\/p>\n<p>La exposici\u00f3n de los trabajos de las Aulas Art\u00edsticas permanecer\u00e1 abierta hasta el 2 de junio de 2019. El horario para visitarla es de martes a s\u00e1bado de 17 a 20 h y s\u00e1bado, domingo y festivos de 11 h a 14 h.<\/p>\n","protected":false},"excerpt":{"rendered":"<p>El pr\u00f3ximo viernes 17 de mayo, a las 20h, en la Sala Portal del Pardo, tendr\u00e1 lugar la inauguraci\u00f3n de la exposici\u00f3n de las obras de los alumnos de las Aulas Art\u00edsticas. En primer lugar se har\u00e1 la inauguraci\u00f3n de los trabajos del Aula de Cer\u00e1mica y se har\u00e1 la entrega de diplomas a sus [&hellip;]<\/p>\n","protected":false},"author":1,"featured_media":23966,"comment_status":"open","ping_status":"closed","sticky":false,"template":"","format":"standard","meta":{"_acf_changed":false,"_et_pb_use_builder":"","_et_pb_old_content":"","_et_gb_content_width":"","content-type":"","footnotes":""},"categories":[],"tags":[],"dipi_cpt_category":[],"class_list":["post-25238","post","type-post","status-publish","format-standard","has-post-thumbnail","hentry"],"acf":[],"_links":{"self":[{"href":"https:\/\/www.elvendrellturisme.com\/es\/wp-json\/wp\/v2\/posts\/25238","targetHints":{"allow":["GET"]}}],"collection":[{"href":"https:\/\/www.elvendrellturisme.com\/es\/wp-json\/wp\/v2\/posts"}],"about":[{"href":"https:\/\/www.elvendrellturisme.com\/es\/wp-json\/wp\/v2\/types\/post"}],"author":[{"embeddable":true,"href":"https:\/\/www.elvendrellturisme.com\/es\/wp-json\/wp\/v2\/users\/1"}],"replies":[{"embeddable":true,"href":"https:\/\/www.elvendrellturisme.com\/es\/wp-json\/wp\/v2\/comments?post=25238"}],"version-history":[{"count":0,"href":"https:\/\/www.elvendrellturisme.com\/es\/wp-json\/wp\/v2\/posts\/25238\/revisions"}],"wp:featuredmedia":[{"embeddable":true,"href":"https:\/\/www.elvendrellturisme.com\/es\/wp-json\/wp\/v2\/media\/23966"}],"wp:attachment":[{"href":"https:\/\/www.elvendrellturisme.com\/es\/wp-json\/wp\/v2\/media?parent=25238"}],"wp:term":[{"taxonomy":"category","embeddable":true,"href":"https:\/\/www.elvendrellturisme.com\/es\/wp-json\/wp\/v2\/categories?post=25238"},{"taxonomy":"post_tag","embeddable":true,"href":"https:\/\/www.elvendrellturisme.com\/es\/wp-json\/wp\/v2\/tags?post=25238"},{"taxonomy":"dipi_cpt_category","embeddable":true,"href":"https:\/\/www.elvendrellturisme.com\/es\/wp-json\/wp\/v2\/dipi_cpt_category?post=25238"}],"curies":[{"name":"wp","href":"https:\/\/api.w.org\/{rel}","templated":true}]}}