{"id":25242,"date":"2019-05-22T12:42:24","date_gmt":"2019-05-22T12:42:24","guid":{"rendered":"http:\/\/tv.dms3labs.cat\/la-sala-de-exposiciones-la-carpinteria-acoge-la-exposicion-el-cabrot-petit\/"},"modified":"2019-05-22T12:42:24","modified_gmt":"2019-05-22T12:42:24","slug":"la-sala-de-exposiciones-la-carpinteria-acoge-la-exposicion-el-cabrot-petit","status":"publish","type":"post","link":"https:\/\/www.elvendrellturisme.com\/es\/la-sala-de-exposiciones-la-carpinteria-acoge-la-exposicion-el-cabrot-petit\/","title":{"rendered":"La sala de exposiciones La Carpinter\u00eda acoge la exposici\u00f3n &quot;El Cabrot petit&quot;"},"content":{"rendered":"<p>El pr\u00f3ximo 27 de mayo, a las 19h, la sala de exposiciones La Fusteria (Calle Major, 16) de El Vendrell acoger\u00e1 la inauguraci\u00f3n de la muestra &quot;El Cabrot petit&quot;.<\/p>\n<p>El Drag\u00f3n de fuego &quot;El Cabrot&quot; ha creado su grupo infantil. &quot;El Cabrot petit&quot; fue bautizado el pasado 18 de mayo en la plaza Vella, y durante estos d\u00edas estar\u00e1 expuesto para que quien lo desee pueda conocer, tocar y hacer fotograf\u00edas.<\/p>\n<p>Adem\u00e1s, en la muestra se podr\u00e1 adquirir merchandising del Cabrot y del Cabrot petit.<br \/>\nLa exposici\u00f3n estar\u00e1 abierta hasta el pr\u00f3ximo 8 de junio, en el siguiente horario: de lunes a s\u00e1bado de 17.15 h a 20.15 h. (El 1 de junio la sala permanecer\u00e1 cerrada).<\/p>\n","protected":false},"excerpt":{"rendered":"<p>El pr\u00f3ximo 27 de mayo, a las 19h, la sala de exposiciones La Fusteria (Calle Major, 16) de El Vendrell acoger\u00e1 la inauguraci\u00f3n de la muestra &quot;El Cabrot petit&quot;. El Drag\u00f3n de fuego &quot;El Cabrot&quot; ha creado su grupo infantil. &quot;El Cabrot petit&quot; fue bautizado el pasado 18 de mayo en la plaza Vella, y [&hellip;]<\/p>\n","protected":false},"author":1,"featured_media":23974,"comment_status":"open","ping_status":"closed","sticky":false,"template":"","format":"standard","meta":{"_acf_changed":false,"_et_pb_use_builder":"","_et_pb_old_content":"","_et_gb_content_width":"","content-type":"","footnotes":""},"categories":[],"tags":[],"dipi_cpt_category":[],"class_list":["post-25242","post","type-post","status-publish","format-standard","has-post-thumbnail","hentry"],"acf":[],"_links":{"self":[{"href":"https:\/\/www.elvendrellturisme.com\/es\/wp-json\/wp\/v2\/posts\/25242","targetHints":{"allow":["GET"]}}],"collection":[{"href":"https:\/\/www.elvendrellturisme.com\/es\/wp-json\/wp\/v2\/posts"}],"about":[{"href":"https:\/\/www.elvendrellturisme.com\/es\/wp-json\/wp\/v2\/types\/post"}],"author":[{"embeddable":true,"href":"https:\/\/www.elvendrellturisme.com\/es\/wp-json\/wp\/v2\/users\/1"}],"replies":[{"embeddable":true,"href":"https:\/\/www.elvendrellturisme.com\/es\/wp-json\/wp\/v2\/comments?post=25242"}],"version-history":[{"count":0,"href":"https:\/\/www.elvendrellturisme.com\/es\/wp-json\/wp\/v2\/posts\/25242\/revisions"}],"wp:featuredmedia":[{"embeddable":true,"href":"https:\/\/www.elvendrellturisme.com\/es\/wp-json\/wp\/v2\/media\/23974"}],"wp:attachment":[{"href":"https:\/\/www.elvendrellturisme.com\/es\/wp-json\/wp\/v2\/media?parent=25242"}],"wp:term":[{"taxonomy":"category","embeddable":true,"href":"https:\/\/www.elvendrellturisme.com\/es\/wp-json\/wp\/v2\/categories?post=25242"},{"taxonomy":"post_tag","embeddable":true,"href":"https:\/\/www.elvendrellturisme.com\/es\/wp-json\/wp\/v2\/tags?post=25242"},{"taxonomy":"dipi_cpt_category","embeddable":true,"href":"https:\/\/www.elvendrellturisme.com\/es\/wp-json\/wp\/v2\/dipi_cpt_category?post=25242"}],"curies":[{"name":"wp","href":"https:\/\/api.w.org\/{rel}","templated":true}]}}