{"id":25248,"date":"2019-06-06T10:19:11","date_gmt":"2019-06-06T10:19:11","guid":{"rendered":"http:\/\/tv.dms3labs.cat\/la-ceramica-creativa-de-pequeno-formato-sera-la-protagonista-del-fangart-2019\/"},"modified":"2019-06-06T10:19:11","modified_gmt":"2019-06-06T10:19:11","slug":"la-ceramica-creativa-de-pequeno-formato-sera-la-protagonista-del-fangart-2019","status":"publish","type":"post","link":"https:\/\/www.elvendrellturisme.com\/es\/la-ceramica-creativa-de-pequeno-formato-sera-la-protagonista-del-fangart-2019\/","title":{"rendered":"La cer\u00e1mica creativa de peque\u00f1o formato ser\u00e1 la protagonista del FangArt 2019"},"content":{"rendered":"<p>Por tercer a\u00f1o consecutivo, del 14 al 16 de junio, la plaza de Sant Salvador volver\u00e1 a acoger el Festival FangArt. Durante estos tres d\u00edas, uno de los exponentes m\u00e1s importantes del patrimonio cultural del Vendrell, el mundo de la cer\u00e1mica, se erigir\u00e1 en protagonista justo delante del mar.<\/p>\n<p>La concejala de Cultura en funciones, Eva M. Serrami\u00e0, explic\u00f3 que &quot;con el FangArt se apuesta por la cer\u00e1mica como elemento distintivo del universo cultural del Vendrell y hacerlo en el marco incomparable de las playas le da un plus &quot;.<\/p>\n<p>FangArt se presenta en formato de festival con el objetivo de que se convierta en una cita interesante y enriquecedora tanto para los ceramistas como para el p\u00fablico en general. Y es que, aparte de la venta y exposici\u00f3n de piezas de artistas internacionales en el paseo Joan Revent\u00f3s, el FangArt ofrece una atractiva programaci\u00f3n de talleres y actividades como conferencias, demostraciones, exposiciones, etc. Las actividades se desdoblan con propuestas pensadas para el p\u00fablico familiar y con otras orientadas a los profesionales de la cer\u00e1mica.<\/p>\n<p>Este a\u00f1o, el FangArt estar\u00e1 dedicado a la cer\u00e1mica creativa de peque\u00f1o formato, lo que permitir\u00e1 que la tipolog\u00eda de piezas que se expongan pueda ser de lo m\u00e1s extensa y variada: desde piezas decorativas en objetos utilitarios, pasando por peque\u00f1as joyas. ..<\/p>\n<p>Dando una vuelta por los puestos, visitando las exposiciones o participando en las diversas actividades, se podr\u00e1 disfrutar de la maestr\u00eda de cada ceramista y de su mundo particular de creaciones.<\/p>\n<p>La invitada especial de esta edici\u00f3n es la ceramista japonesa Yukiko Murata, que presentar\u00e1 la exposici\u00f3n &quot;BONAPETITa, la peque\u00f1a felicidad a mano&quot;, que se podr\u00e1 visitar en el Museo Pau Casals, y realizar\u00e1 el taller &quot;La flor imaginaria&quot;.<\/p>\n<p>Otras actividades y demostraciones que se har\u00e1n en la plaza de Sant Salvador son: &quot;Demostraci\u00f3n de torno&quot;, &quot;Vuelvo el torno&quot;, &quot;Pinto como los prehist\u00f3ricos&quot;, &quot;Juego con el barro&quot;, &quot;Impresi\u00f3n 3D&quot;, &quot;Arquitecturas&quot;, &quot;Confecci\u00f3n de un manantial con forma de pez&quot;, &quot;Las vasijas de cocina&quot;, &quot;La pizarra m\u00e1gica&quot;, &quot;Taller de torno y permacultura&quot;, &quot;Piezas de peque\u00f1o formato a partir de moldes&quot;, &quot;Pon tu escama &quot;,&quot; Frutos del mar &quot;y&quot; Animales cer\u00e1micos &quot;. El material de estas actividades est\u00e1 patrocinado por Cer\u00e1mica Collet, SA.<\/p>\n<p>El horario del FangArt ser\u00e1 el siguiente: el viernes de 17 h a 22 h y s\u00e1bado y domingo de 11 h a 14 h y de 17 h a 22 h, aunque el domingo se cerrar\u00e1n las puertas a las 21 h.<\/p>\n","protected":false},"excerpt":{"rendered":"<p>Por tercer a\u00f1o consecutivo, del 14 al 16 de junio, la plaza de Sant Salvador volver\u00e1 a acoger el Festival FangArt. Durante estos tres d\u00edas, uno de los exponentes m\u00e1s importantes del patrimonio cultural del Vendrell, el mundo de la cer\u00e1mica, se erigir\u00e1 en protagonista justo delante del mar. La concejala de Cultura en funciones, [&hellip;]<\/p>\n","protected":false},"author":1,"featured_media":19733,"comment_status":"open","ping_status":"closed","sticky":false,"template":"","format":"standard","meta":{"_acf_changed":false,"_et_pb_use_builder":"","_et_pb_old_content":"","_et_gb_content_width":"","content-type":"","footnotes":""},"categories":[],"tags":[],"dipi_cpt_category":[],"class_list":["post-25248","post","type-post","status-publish","format-standard","has-post-thumbnail","hentry"],"acf":[],"_links":{"self":[{"href":"https:\/\/www.elvendrellturisme.com\/es\/wp-json\/wp\/v2\/posts\/25248","targetHints":{"allow":["GET"]}}],"collection":[{"href":"https:\/\/www.elvendrellturisme.com\/es\/wp-json\/wp\/v2\/posts"}],"about":[{"href":"https:\/\/www.elvendrellturisme.com\/es\/wp-json\/wp\/v2\/types\/post"}],"author":[{"embeddable":true,"href":"https:\/\/www.elvendrellturisme.com\/es\/wp-json\/wp\/v2\/users\/1"}],"replies":[{"embeddable":true,"href":"https:\/\/www.elvendrellturisme.com\/es\/wp-json\/wp\/v2\/comments?post=25248"}],"version-history":[{"count":0,"href":"https:\/\/www.elvendrellturisme.com\/es\/wp-json\/wp\/v2\/posts\/25248\/revisions"}],"wp:featuredmedia":[{"embeddable":true,"href":"https:\/\/www.elvendrellturisme.com\/es\/wp-json\/wp\/v2\/media\/19733"}],"wp:attachment":[{"href":"https:\/\/www.elvendrellturisme.com\/es\/wp-json\/wp\/v2\/media?parent=25248"}],"wp:term":[{"taxonomy":"category","embeddable":true,"href":"https:\/\/www.elvendrellturisme.com\/es\/wp-json\/wp\/v2\/categories?post=25248"},{"taxonomy":"post_tag","embeddable":true,"href":"https:\/\/www.elvendrellturisme.com\/es\/wp-json\/wp\/v2\/tags?post=25248"},{"taxonomy":"dipi_cpt_category","embeddable":true,"href":"https:\/\/www.elvendrellturisme.com\/es\/wp-json\/wp\/v2\/dipi_cpt_category?post=25248"}],"curies":[{"name":"wp","href":"https:\/\/api.w.org\/{rel}","templated":true}]}}