{"id":25252,"date":"2019-06-18T13:49:53","date_gmt":"2019-06-18T13:49:53","guid":{"rendered":"http:\/\/tv.dms3labs.cat\/un-turismar-cargado-de-novedades-da-la-bienvenida-al-verano\/"},"modified":"2019-06-18T13:49:53","modified_gmt":"2019-06-18T13:49:53","slug":"un-turismar-cargado-de-novedades-da-la-bienvenida-al-verano","status":"publish","type":"post","link":"https:\/\/www.elvendrellturisme.com\/es\/un-turismar-cargado-de-novedades-da-la-bienvenida-al-verano\/","title":{"rendered":"Un Turismar cargado de novedades da la bienvenida al verano"},"content":{"rendered":"<p>La 33\u00aa edici\u00f3n de la Feria Turismar viene cargada de novedades, sobre todo en cuanto a las actividades que rodean la feria y que se suman a los stands habituales de turismo y ocio, artesan\u00eda, alimentaci\u00f3n, foodtrucks y servicios.<\/p>\n<p>La inauguraci\u00f3n tendr\u00e1 lugar el viernes 21 de junio, a las 7 de la tarde, en la plaza Germans Trillas.<\/p>\n<p>La jornada de apertura de Turismar 2019 se centrar\u00e1 en la historia de Comarruga con el objetivo de poner en valor la relevancia de lo que fue uno de los centros tur\u00edsticos m\u00e1s c\u00e9lebres de Catalu\u00f1a entre inicios y mediados del siglo XX.<\/p>\n<p>Tras la intervenci\u00f3n del nuevo alcalde y concejales, la compa\u00f1\u00eda de teatro La Lira Vendrellenca nos ofrecer\u00e1 la breve obra &quot;Coma-ruga 1920&quot; que nos trasladar\u00e1 a la \u00e9poca de los inicios de Comarruga, entre finales del siglo XIX e inicios del siglo XX. Las actrices y los actores vendrellenses encarnar\u00e1n figuras hist\u00f3ricas como Carme Karr, Emilia Girona o Llu\u00eds Via, y nos ayudar\u00e1n a entender la transformaci\u00f3n de esta \u00e1rea litoral de estanques y humedales en un centro tur\u00edstico de referencia para la burgues\u00eda y las celebridades de la \u00e9poca.<\/p>\n<p>La recreaci\u00f3n teatralizada acabar\u00e1 simulando la inauguraci\u00f3n del balneario Comarruga Terrasse Hotel, que tuvo lugar el 7 de agosto de 1920, en la que los Dansaires del Pened\u00e8s integrar\u00e1n sus sardanas.<\/p>\n<p>En la edici\u00f3n de este a\u00f1o se ha puesto el \u00e9nfasis en el proyecto FEDER respecto a la l\u00ednea de la valorizaci\u00f3n de Comarruga. As\u00ed, podremos visitar dos exposiciones permanentes en la plaza Germans Trillas: la exposici\u00f3n de fotograf\u00eda antigua y la exposici\u00f3n de postales escolares &quot;Comarruga con ojos de ni\u00f1o&quot;.<\/p>\n<p>Adem\u00e1s, se podr\u00e1 disfrutar de las representaciones teatrales &quot;Coma-ruga 1920&quot; y de un fot\u00f3grafo minutero viernes y s\u00e1bado por la tarde, del taller de mosaicos de Santiago Padr\u00f3s, y del ciclo de charlas &quot;Descubre Comarruga&quot; en el  Hotel Termaeuropa.<\/p>\n<p>Tambi\u00e9n se ha querido hacer hincapi\u00e9 en la difusi\u00f3n de la Reserva Marina de Mas\u00eda Blanca, mediante la exposici\u00f3n sobre esta en el stand del Ayuntamiento, las actividades de la mano de las bi\u00f3logas marinas de Plancton (salida en barca y submarinismo ligero s\u00e1bado por la ma\u00f1ana y el taller familiar &quot;descubre los restos marinos&quot; s\u00e1bado por la tarde), adem\u00e1s de la visita guiada en los alrededores de la reserva a cargo de los bi\u00f3logos del Grupo Ecologista del Vendrell (GEVEN).<\/p>\n<p>Respecto a las visitas guiadas, se ha aumentado la oferta repitiendo los itinerarios en los alrededores de la Mas\u00eda Blanca y el espacio natural de Las Madrigueras (GEVEN) y a\u00f1adiendo una a la Colonia ferroviaria de Sant Vicen\u00e7 de Calders. Esta nueva ruta, a cargo de la Asociaci\u00f3n para la Preservaci\u00f3n de la Colonia, nos descubrir\u00e1 todos los secretos de este n\u00facleo urban\u00edstico peculiar construido entre 1905 y 1920.<\/p>\n<p>Las tardes del s\u00e1bado y domingo se podr\u00e1 disfrutar de diferentes conciertos de excelente calidad con el pop-rock de Ericah Lein Group, el carism\u00e1tico d\u00fao de guitarra y viol\u00edn Maria Jacobs y la m\u00fasica folk de Cul de Sac, que nos har\u00e1 bailar al ritmo de m\u00fasicas tradicionales de Catalu\u00f1a, Occitania y Breta\u00f1a.<\/p>\n<p>Adem\u00e1s, se ha ampliado la oferta de actividades dirigidas al p\u00fablico familiar, como las zonas de talleres familiares y de maquillaje art\u00edstico, que estar\u00e1n abiertas cada tarde y la actuaci\u00f3n de la payasa La Tona Gonsales.<\/p>\n<p>En la noche de San Juan tendr\u00e1 lugar el pasacalles nocturno &quot;Skualo&quot;, los tradicionales fuegos artificiales y el concierto del grupo de versiones La Banda Ne\u00f3n, en el parque Tabaris.<\/p>\n<p>Siguiendo con la tradici\u00f3n de a\u00f1os anteriores, se contar\u00e1 con diferentes actuaciones de danza y deportes de diversos centros vendrellenses, el Torneo de petanca Turismar, la 17\u00aa Encuentro de Intercambio de placas de cava, animaciones de calle (majorets, La Lira Vendrellenca) y la impresionante decoraci\u00f3n de fauna marina gigante de los diferentes espacios de la feria.<\/p>\n<p>El alcalde del Vendrell, Kenneth Mart\u00ednez, ha destacado que &quot;el Turismar se celebra en unas fechas se\u00f1aladas que dan la bienvenida al verano y a las personas que nos visitan&quot; y ha invitado a todos a &quot;visitar y disfrutar una feria llena de actividades y, al mismo tiempo, aprovechar la ocasi\u00f3n para conocer nuestras playas &quot;.<\/p>\n","protected":false},"excerpt":{"rendered":"<p>La 33\u00aa edici\u00f3n de la Feria Turismar viene cargada de novedades, sobre todo en cuanto a las actividades que rodean la feria y que se suman a los stands habituales de turismo y ocio, artesan\u00eda, alimentaci\u00f3n, foodtrucks y servicios. La inauguraci\u00f3n tendr\u00e1 lugar el viernes 21 de junio, a las 7 de la tarde, en [&hellip;]<\/p>\n","protected":false},"author":1,"featured_media":19749,"comment_status":"open","ping_status":"closed","sticky":false,"template":"","format":"standard","meta":{"_acf_changed":false,"_et_pb_use_builder":"","_et_pb_old_content":"","_et_gb_content_width":"","content-type":"","footnotes":""},"categories":[],"tags":[],"dipi_cpt_category":[],"class_list":["post-25252","post","type-post","status-publish","format-standard","has-post-thumbnail","hentry"],"acf":[],"_links":{"self":[{"href":"https:\/\/www.elvendrellturisme.com\/es\/wp-json\/wp\/v2\/posts\/25252","targetHints":{"allow":["GET"]}}],"collection":[{"href":"https:\/\/www.elvendrellturisme.com\/es\/wp-json\/wp\/v2\/posts"}],"about":[{"href":"https:\/\/www.elvendrellturisme.com\/es\/wp-json\/wp\/v2\/types\/post"}],"author":[{"embeddable":true,"href":"https:\/\/www.elvendrellturisme.com\/es\/wp-json\/wp\/v2\/users\/1"}],"replies":[{"embeddable":true,"href":"https:\/\/www.elvendrellturisme.com\/es\/wp-json\/wp\/v2\/comments?post=25252"}],"version-history":[{"count":0,"href":"https:\/\/www.elvendrellturisme.com\/es\/wp-json\/wp\/v2\/posts\/25252\/revisions"}],"wp:featuredmedia":[{"embeddable":true,"href":"https:\/\/www.elvendrellturisme.com\/es\/wp-json\/wp\/v2\/media\/19749"}],"wp:attachment":[{"href":"https:\/\/www.elvendrellturisme.com\/es\/wp-json\/wp\/v2\/media?parent=25252"}],"wp:term":[{"taxonomy":"category","embeddable":true,"href":"https:\/\/www.elvendrellturisme.com\/es\/wp-json\/wp\/v2\/categories?post=25252"},{"taxonomy":"post_tag","embeddable":true,"href":"https:\/\/www.elvendrellturisme.com\/es\/wp-json\/wp\/v2\/tags?post=25252"},{"taxonomy":"dipi_cpt_category","embeddable":true,"href":"https:\/\/www.elvendrellturisme.com\/es\/wp-json\/wp\/v2\/dipi_cpt_category?post=25252"}],"curies":[{"name":"wp","href":"https:\/\/api.w.org\/{rel}","templated":true}]}}