{"id":25257,"date":"2019-06-26T14:09:35","date_gmt":"2019-06-26T14:09:35","guid":{"rendered":"http:\/\/tv.dms3labs.cat\/el-museo-angel-guimera-presenta-una-atractiva-programacion-de-actividades-para-los-lunes-de-verano\/"},"modified":"2019-06-26T14:09:35","modified_gmt":"2019-06-26T14:09:35","slug":"el-museo-angel-guimera-presenta-una-atractiva-programacion-de-actividades-para-los-lunes-de-verano","status":"publish","type":"post","link":"https:\/\/www.elvendrellturisme.com\/es\/el-museo-angel-guimera-presenta-una-atractiva-programacion-de-actividades-para-los-lunes-de-verano\/","title":{"rendered":"El Museo \u00c1ngel Guimer\u00e0 presenta una atractiva programaci\u00f3n de actividades para los Lunes de verano"},"content":{"rendered":"<p>Durante los meses de julio y agosto el Museo \u00c1ngel Guimer\u00e0 ampl\u00eda su programaci\u00f3n los lunes por la noche con una serie de actividades que estar\u00e1n divididas en tres \u00e1mbitos: musical, teatral y po\u00e9tico musical. Con el nombre de &quot;Los lunes al mago&quot; se podr\u00e1 disfrutar de 4 propuestas diferentes abiertas a todos los p\u00fablicos. Estos espect\u00e1culos, todos relacionados con la figura de \u00c0ngel Guimer\u00e0, permitir\u00e1n conocer el dramaturgo desde perspectivas muy diferentes.<\/p>\n<p>Algunos de ellos se han llevado a cabo anteriormente, vinculados a las diferentes ediciones del Seminario Guimer\u00e0, y ahora se quieren ofrecer de forma estable como propuesta para los Lunes de verano. Un d\u00eda de la semana que se ha escogido especialmente para que no coincida con el grosor de oferta y actividades culturales del municipio, que se concentran sobre todo entre los viernes y los fines de semana. El alcalde de El Vendrell, Kenneth Mart\u00ednez, ha invitado a todos a acudir a las sesiones de &quot;Los lunes al mago&quot;, porque &quot;ser\u00e1n una manera de descubrir aspectos interesantes de Guimer\u00e0 a trav\u00e9s de unos espect\u00e1culos participativos e interactivos&quot;.<\/p>\n<p>&quot;Los Lunes al mago&quot; permitir\u00e1, por ejemplo, disfrutar de la etapa teatral de Guimer\u00e0 a trav\u00e9s de dos cl\u00e1sicos de su repertorio, la &quot;Visita teatralizada de Mar\u00eda Rosa&quot;, a cargo de la compa\u00f1\u00eda Amelie Producciones (Lunes 22 de julio y 19 de agosto), y el espect\u00e1culo &quot;Tierra Baja en esencia&quot;, del actor Jordi Mateu (Lunes 15 de julio y 26 de agosto). Por un lado, el grupo Amelie Producciones aproximar\u00e1 a una de las piezas teatrales m\u00e1s celebradas de \u00c0ngel Guimer\u00e0, Mar\u00eda Rosa. la compa\u00f1\u00eda de teatro, a trav\u00e9s de la adaptaci\u00f3n del texto a cargo de Pep Vinyes, guiar\u00e1 la visita por las diferentes salas del Museo \u00c0ngel Guimer\u00e0 a trav\u00e9s de este drama social y amoroso. Por otra parte, Tierra Baja en esencia propone una pieza surgida de cinco mon\u00f3logos, combinando el texto dram\u00e1tico con el audiovisual que quiere desgranar y profundizar en el conflictivo tri\u00e1ngulo amoroso que forman los personajes principales de la obra de \u00c0ngel Guimer\u00e0 .<\/p>\n<p>La vertiente m\u00e1s pol\u00edtica y po\u00e9tica se mostrar\u00e1 con el &quot;Recital de poemas de \u00c1ngel Guimer\u00e0 contra la injusticia&quot;, con Joan Gibert, Janet Riambau y Jordi Molin\u00e9 (Lunes 29 de julio y 12 de agosto). Los actores han hecho una selecci\u00f3n de poemas que muestran la visi\u00f3n del dramaturgo sobre la Primera Guerra Mundial y pondr\u00e1n de relieve su vinculaci\u00f3n con el catalanismo pol\u00edtico y cultural.<\/p>\n<p>Y, por \u00faltimo, se descubrir\u00e1n las piezas musicadas del poeta con la visita musical que ofrecer\u00e1 David Puertas, que lleva por t\u00edtulo &quot;Una visita musical para una vida teatral&quot; (Lunes 8 de julio y 5 de agosto). En estas sesiones, el m\u00fasico y divulgador musical David Puertas descubrir\u00e1 uno de los dramaturgos m\u00e1s importantes del siglo IX a trav\u00e9s de diferentes piezas musicales, que guiar\u00e1n un itinerario por las diversas salas del museo donde se hablar\u00e1 tambi\u00e9n de su vida y obra. La Santa Espina de Guimer\u00e0, musicada por Enric Morera, es una de las muchas piezas que se podr\u00e1n escuchar dentro del recorrido.<\/p>\n<p>Al finalizar cada espect\u00e1culo se podr\u00e1 degustar una copa de vino del Pened\u00e8s. Cada actividad ofrecer\u00e1 una sesi\u00f3n en julio y otra en agosto. El precio de los espect\u00e1culos ser\u00e1 de 5 euros por persona. Las entradas se podr\u00e1n adquirir anticipadamente en la Concejal\u00eda de Cultura (la Rambla, 24), en el tel\u00e9fono 977 66 56 84 o en el coraz\u00f3n reo electr\u00f3nico elvendrell.elsmuseus@elvendrell.net; y 30 minutos antes del inicio del espect\u00e1culo en el mismo museo. Las plazas son limitadas (m\u00e1ximo 30 personas).<\/p>\n","protected":false},"excerpt":{"rendered":"<p>Durante los meses de julio y agosto el Museo \u00c1ngel Guimer\u00e0 ampl\u00eda su programaci\u00f3n los lunes por la noche con una serie de actividades que estar\u00e1n divididas en tres \u00e1mbitos: musical, teatral y po\u00e9tico musical. Con el nombre de &quot;Los lunes al mago&quot; se podr\u00e1 disfrutar de 4 propuestas diferentes abiertas a todos los p\u00fablicos. [&hellip;]<\/p>\n","protected":false},"author":1,"featured_media":19773,"comment_status":"open","ping_status":"closed","sticky":false,"template":"","format":"standard","meta":{"_acf_changed":false,"_et_pb_use_builder":"","_et_pb_old_content":"","_et_gb_content_width":"","content-type":"","footnotes":""},"categories":[],"tags":[],"dipi_cpt_category":[],"class_list":["post-25257","post","type-post","status-publish","format-standard","has-post-thumbnail","hentry"],"acf":[],"_links":{"self":[{"href":"https:\/\/www.elvendrellturisme.com\/es\/wp-json\/wp\/v2\/posts\/25257","targetHints":{"allow":["GET"]}}],"collection":[{"href":"https:\/\/www.elvendrellturisme.com\/es\/wp-json\/wp\/v2\/posts"}],"about":[{"href":"https:\/\/www.elvendrellturisme.com\/es\/wp-json\/wp\/v2\/types\/post"}],"author":[{"embeddable":true,"href":"https:\/\/www.elvendrellturisme.com\/es\/wp-json\/wp\/v2\/users\/1"}],"replies":[{"embeddable":true,"href":"https:\/\/www.elvendrellturisme.com\/es\/wp-json\/wp\/v2\/comments?post=25257"}],"version-history":[{"count":0,"href":"https:\/\/www.elvendrellturisme.com\/es\/wp-json\/wp\/v2\/posts\/25257\/revisions"}],"wp:featuredmedia":[{"embeddable":true,"href":"https:\/\/www.elvendrellturisme.com\/es\/wp-json\/wp\/v2\/media\/19773"}],"wp:attachment":[{"href":"https:\/\/www.elvendrellturisme.com\/es\/wp-json\/wp\/v2\/media?parent=25257"}],"wp:term":[{"taxonomy":"category","embeddable":true,"href":"https:\/\/www.elvendrellturisme.com\/es\/wp-json\/wp\/v2\/categories?post=25257"},{"taxonomy":"post_tag","embeddable":true,"href":"https:\/\/www.elvendrellturisme.com\/es\/wp-json\/wp\/v2\/tags?post=25257"},{"taxonomy":"dipi_cpt_category","embeddable":true,"href":"https:\/\/www.elvendrellturisme.com\/es\/wp-json\/wp\/v2\/dipi_cpt_category?post=25257"}],"curies":[{"name":"wp","href":"https:\/\/api.w.org\/{rel}","templated":true}]}}