{"id":25266,"date":"2019-07-03T15:09:05","date_gmt":"2019-07-03T15:09:05","guid":{"rendered":"http:\/\/tv.dms3labs.cat\/el-vendrell-se-prepara-para-disfrutar-de-las-fiestas-del-pa-beneit\/"},"modified":"2019-07-03T15:09:05","modified_gmt":"2019-07-03T15:09:05","slug":"el-vendrell-se-prepara-para-disfrutar-de-las-fiestas-del-pa-beneit","status":"publish","type":"post","link":"https:\/\/www.elvendrellturisme.com\/es\/el-vendrell-se-prepara-para-disfrutar-de-las-fiestas-del-pa-beneit\/","title":{"rendered":"El Vendrell se prepara para disfrutar de las Fiestas del &quot;Pa Beneit&quot;"},"content":{"rendered":"<p>Del 6 al 13 de julio, el Vendrell vivir\u00e1 una de las fiestas m\u00e1s tradicionales y participativas de su calendario: las fiestas del &quot;Pa Beneit&quot;. Su origen es medieval (cuando el pan era la base de la alimentaci\u00f3n de la poblaci\u00f3n) y se remonta a la bendici\u00f3n que antiguamente se hac\u00eda de la harina vieja antes de segar el trigo nuevo. La celebraci\u00f3n se llevaba a cabo en la octava de Corpus, ya que era la temporada que coincid\u00eda con la siega. <\/p>\n<p>Actualmente, la fiesta se ha trasladado a la primera semana de julio y se ha cambiado un poco la manera de celebrarla, adapt\u00e1ndola a los nuevos tiempos.<\/p>\n<p>Hace muchos a\u00f1os que los encargados de organizarlas son las comisiones de los diversos barrios del Vendrelll (Barrio del Serrallo y Fuente de la menos; Barrio de Francia, Barrio de la Carretera, Barrio de la Plaza Nueva y Barceloneta, Barrio de la Plaza vieja y Barrio de la Muntanyeta), que con la colaboraci\u00f3n de la Concejal\u00eda de Fiestas del Ayuntamiento de el Vendrell, preparan unos nutridos programas de actos.<\/p>\n<p>Sobre este \u00faltimo punto, los actuales responsables de la organizaci\u00f3n de las fiestas de cada barrio aprovechado el acto de presentaci\u00f3n de ayer para pedir la implicaci\u00f3n de m\u00e1s personas para incrementar los recursos humanos a las respectivas Comisiones y, al mismo tiempo, hacerlo uno regeneraci\u00f3n.<\/p>\n<p>Adem\u00e1s de los elementos comunes y tradicionales, como los cohetes y el repique de campanas, las madrugadas, el cercabarri de parejas o las fallas, cada una de las comisiones rellena el programa con propuestas particulares que intentan agradar a grandes y peque\u00f1os.<\/p>\n<p>Este a\u00f1o, la presentaci\u00f3n de las Fiestas del Pan Bendito tuvo lugar en el Campanario de la Iglesia parroquial, un emplazamiento desde el que se hace el repique de campanas y el lanzamiento de cohetes que anuncian la fiesta de cada barrio, y los representantes de las comisiones estuvieron acompa\u00f1ados por el concejal de Fiestas, Christian Soriano, y por el concejal de Infancia y Juventud, Rub\u00e9n Gracia.<\/p>\n","protected":false},"excerpt":{"rendered":"<p>Del 6 al 13 de julio, el Vendrell vivir\u00e1 una de las fiestas m\u00e1s tradicionales y participativas de su calendario: las fiestas del &quot;Pa Beneit&quot;. Su origen es medieval (cuando el pan era la base de la alimentaci\u00f3n de la poblaci\u00f3n) y se remonta a la bendici\u00f3n que antiguamente se hac\u00eda de la harina vieja [&hellip;]<\/p>\n","protected":false},"author":1,"featured_media":19809,"comment_status":"open","ping_status":"closed","sticky":false,"template":"","format":"standard","meta":{"_acf_changed":false,"_et_pb_use_builder":"","_et_pb_old_content":"","_et_gb_content_width":"","content-type":"","footnotes":""},"categories":[],"tags":[],"dipi_cpt_category":[],"class_list":["post-25266","post","type-post","status-publish","format-standard","has-post-thumbnail","hentry"],"acf":[],"_links":{"self":[{"href":"https:\/\/www.elvendrellturisme.com\/es\/wp-json\/wp\/v2\/posts\/25266","targetHints":{"allow":["GET"]}}],"collection":[{"href":"https:\/\/www.elvendrellturisme.com\/es\/wp-json\/wp\/v2\/posts"}],"about":[{"href":"https:\/\/www.elvendrellturisme.com\/es\/wp-json\/wp\/v2\/types\/post"}],"author":[{"embeddable":true,"href":"https:\/\/www.elvendrellturisme.com\/es\/wp-json\/wp\/v2\/users\/1"}],"replies":[{"embeddable":true,"href":"https:\/\/www.elvendrellturisme.com\/es\/wp-json\/wp\/v2\/comments?post=25266"}],"version-history":[{"count":0,"href":"https:\/\/www.elvendrellturisme.com\/es\/wp-json\/wp\/v2\/posts\/25266\/revisions"}],"wp:featuredmedia":[{"embeddable":true,"href":"https:\/\/www.elvendrellturisme.com\/es\/wp-json\/wp\/v2\/media\/19809"}],"wp:attachment":[{"href":"https:\/\/www.elvendrellturisme.com\/es\/wp-json\/wp\/v2\/media?parent=25266"}],"wp:term":[{"taxonomy":"category","embeddable":true,"href":"https:\/\/www.elvendrellturisme.com\/es\/wp-json\/wp\/v2\/categories?post=25266"},{"taxonomy":"post_tag","embeddable":true,"href":"https:\/\/www.elvendrellturisme.com\/es\/wp-json\/wp\/v2\/tags?post=25266"},{"taxonomy":"dipi_cpt_category","embeddable":true,"href":"https:\/\/www.elvendrellturisme.com\/es\/wp-json\/wp\/v2\/dipi_cpt_category?post=25266"}],"curies":[{"name":"wp","href":"https:\/\/api.w.org\/{rel}","templated":true}]}}