{"id":25267,"date":"2019-07-03T17:40:33","date_gmt":"2019-07-03T17:40:33","guid":{"rendered":"http:\/\/tv.dms3labs.cat\/se-presenta-la-campana-el-vendrell-fiestas-libres-de-agresiones-sexuales\/"},"modified":"2019-07-03T17:40:33","modified_gmt":"2019-07-03T17:40:33","slug":"se-presenta-la-campana-el-vendrell-fiestas-libres-de-agresiones-sexuales","status":"publish","type":"post","link":"https:\/\/www.elvendrellturisme.com\/es\/se-presenta-la-campana-el-vendrell-fiestas-libres-de-agresiones-sexuales\/","title":{"rendered":"Se presenta la campa\u00f1a &quot;El Vendrell: fiestas libres de agresiones sexuales&quot;"},"content":{"rendered":"<p>El alcalde de El Vendrell, Kenneth Mart\u00ednez, y el concejal de Pol\u00edticas de g\u00e9nero, igualdad y derechos LGTBIQ, Christian Soriano, han presentado la campa\u00f1a &quot;El Vendrell: fiestas libres de agresiones sexuales&quot;, que est\u00e1 orientada a todos los g\u00e9neros con el el objetivo de rechazar cualquier tipo de comportamiento sexual contra la voluntad de las personas. Asimismo, tambi\u00e9n se quiere informar sobre situaciones de riesgo, poner ejemplos de relaciones sociales y orientar sobre qu\u00e9 hacer cuando se es la v\u00edctima o testigo de una agresi\u00f3n sexual.<\/p>\n<p>La difusi\u00f3n de la campa\u00f1a se realiza mediante folletos informativos, adhesivos y pulseras con el lema impreso para repartir. Adem\u00e1s, se instalar\u00e1n en la zona de los conciertos banderolas y un photocall con el lema. Toda esta campa\u00f1a ser\u00e1 extensiva en el tiempo y derivar\u00e1 en la elaboraci\u00f3n de un protocolo de seguridad contra las violencias sexuales en entornos de ocio.<\/p>\n<p>El concejal Christian Soriano ha explicado que &quot;la campa\u00f1a se fija el objetivo de poder disfrutar de unas fiestas libres de discriminaci\u00f3n y de violencia, en el que no haya ning\u00fan tipo de agresi\u00f3n LGTBIf\u00f2bica o machista en nuestro municipio&quot;.<\/p>\n<p>Por su parte, el alcalde ha remarcado que &quot;las administraciones tienen el deber de combatir la violencia de g\u00e9nero y cualquier tipo de exclusi\u00f3n y discriminaci\u00f3n de las formas libres de expresi\u00f3n existentes en nuestra sociedad. Por ello, el Ayuntamiento de El Vendrell, con esta campa\u00f1a, se quiere poner al frente y al lado de todas las entidades y movimientos sociales para una tarea educativa y de concienciaci\u00f3n social para poder disfrutar de las fiestas sin sufrir ning\u00fan tipo de riesgo de agresi\u00f3n o de exclusi\u00f3n &quot;.<\/p>\n","protected":false},"excerpt":{"rendered":"<p>El alcalde de El Vendrell, Kenneth Mart\u00ednez, y el concejal de Pol\u00edticas de g\u00e9nero, igualdad y derechos LGTBIQ, Christian Soriano, han presentado la campa\u00f1a &quot;El Vendrell: fiestas libres de agresiones sexuales&quot;, que est\u00e1 orientada a todos los g\u00e9neros con el el objetivo de rechazar cualquier tipo de comportamiento sexual contra la voluntad de las personas. [&hellip;]<\/p>\n","protected":false},"author":1,"featured_media":19817,"comment_status":"open","ping_status":"closed","sticky":false,"template":"","format":"standard","meta":{"_acf_changed":false,"_et_pb_use_builder":"","_et_pb_old_content":"","_et_gb_content_width":"","content-type":"","footnotes":""},"categories":[],"tags":[],"dipi_cpt_category":[],"class_list":["post-25267","post","type-post","status-publish","format-standard","has-post-thumbnail","hentry"],"acf":[],"_links":{"self":[{"href":"https:\/\/www.elvendrellturisme.com\/es\/wp-json\/wp\/v2\/posts\/25267","targetHints":{"allow":["GET"]}}],"collection":[{"href":"https:\/\/www.elvendrellturisme.com\/es\/wp-json\/wp\/v2\/posts"}],"about":[{"href":"https:\/\/www.elvendrellturisme.com\/es\/wp-json\/wp\/v2\/types\/post"}],"author":[{"embeddable":true,"href":"https:\/\/www.elvendrellturisme.com\/es\/wp-json\/wp\/v2\/users\/1"}],"replies":[{"embeddable":true,"href":"https:\/\/www.elvendrellturisme.com\/es\/wp-json\/wp\/v2\/comments?post=25267"}],"version-history":[{"count":0,"href":"https:\/\/www.elvendrellturisme.com\/es\/wp-json\/wp\/v2\/posts\/25267\/revisions"}],"wp:featuredmedia":[{"embeddable":true,"href":"https:\/\/www.elvendrellturisme.com\/es\/wp-json\/wp\/v2\/media\/19817"}],"wp:attachment":[{"href":"https:\/\/www.elvendrellturisme.com\/es\/wp-json\/wp\/v2\/media?parent=25267"}],"wp:term":[{"taxonomy":"category","embeddable":true,"href":"https:\/\/www.elvendrellturisme.com\/es\/wp-json\/wp\/v2\/categories?post=25267"},{"taxonomy":"post_tag","embeddable":true,"href":"https:\/\/www.elvendrellturisme.com\/es\/wp-json\/wp\/v2\/tags?post=25267"},{"taxonomy":"dipi_cpt_category","embeddable":true,"href":"https:\/\/www.elvendrellturisme.com\/es\/wp-json\/wp\/v2\/dipi_cpt_category?post=25267"}],"curies":[{"name":"wp","href":"https:\/\/api.w.org\/{rel}","templated":true}]}}