{"id":25269,"date":"2019-07-05T14:38:40","date_gmt":"2019-07-05T14:38:40","guid":{"rendered":"http:\/\/tv.dms3labs.cat\/ya-se-conocen-los-ganadores-del-vendrell-de-la-campana-barrios-antiguos-compra-y-gana\/"},"modified":"2019-07-05T14:38:40","modified_gmt":"2019-07-05T14:38:40","slug":"ya-se-conocen-los-ganadores-del-vendrell-de-la-campana-barrios-antiguos-compra-y-gana","status":"publish","type":"post","link":"https:\/\/www.elvendrellturisme.com\/es\/ya-se-conocen-los-ganadores-del-vendrell-de-la-campana-barrios-antiguos-compra-y-gana\/","title":{"rendered":"Ya se conocen los ganadores del Vendrell de la campa\u00f1a &quot;BARRIOS ANTIGUOS. Compra y gana &quot;"},"content":{"rendered":"<p>Ayer por la ma\u00f1ana, en directo en el programa La C\u00f3moda de Radio El Vendrell, se ha hecho el sorteo de los premios de la novena campa\u00f1a de dinamizaci\u00f3n comercial que tiene como eslogan &quot;BARRIOS ANTIGUOS. Compra y gana &quot;.<\/p>\n<p>La campa\u00f1a pretende incentivar las compras en los comercios de los n\u00facleos antiguos y todas las personas que participen pueden ganar experiencias en cada uno de los 30 municipios organizadores. Y, en agradecimiento a su implicaci\u00f3n, un comerciante de cada municipio tambi\u00e9n tiene premio. En El Vendrell, estas experiencias se complementan con vales de descuento y productos cedidos por las tiendas adheridas del casco antiguo. Este a\u00f1o, en El Vendrell han participado 219 comercios, 9 m\u00e1s que en la edici\u00f3n anterior.<\/p>\n<p>Las 30 experiencias en los 30 municipios organizadores se han dividido en 15 lotes. Los ganadores y los comercios donde compraron han sido:<\/p>\n<p>1 Carmen Gracia &#8211; Arreglos Ropa<\/p>\n<p>2 Angelina Escol\u00e0 &#8211; Arreglos Ropa<\/p>\n<p>3 Antonio Garcia S\u00e1nchez &#8211; Bar T\u00edvoli<\/p>\n<p>4 Marisa Rold\u00e1n Rubio &#8211; Flores Astrid<\/p>\n<p>5 Victoria Hormigos &#8211; Cotilleria Roser<\/p>\n<p>6 Sandra Rubio &#8211; La Petita Bogeria<\/p>\n<p>7 Talleres J. Grado (Segur de Calafell) &#8211; Auto Recambios El Vendrell<\/p>\n<p>8 Ma. Jes\u00fas Arroyo &#8211; Edo \u00d3pticos<\/p>\n<p>9 Claudia Andaluz Garc\u00eda &#8211; Ferreter\u00eda Prats<\/p>\n<p>10 Jos\u00e9 Velasco Figueres &#8211; Cal Cutchet<\/p>\n<p>11 Jos\u00e9 M Capdevila Sardana &#8211; Casa Alt\u00e8s<\/p>\n<p>12 Isabel Ram\u00edrez &#8211; -18\u00ba (Mercado Municipal)<\/p>\n<p>13 Sara Sau Vicente Salmago &#8211; Estanc Coral<\/p>\n<p>14 Ivan Vega Marquez &#8211; Estanc Coral<\/p>\n<p>15 Raquel Borrel &#8211; Coquette<\/p>\n<p>El comercio ganador de una experiencia ha sido Arreglos Ropa, del c \/ \u00c0ngel Guimer\u00e0, 13.<\/p>\n<p>La entrega de premios se har\u00e1 el mi\u00e9rcoles 10 de julio, a las 13.30h, en el local de la C \/ Sant Mag\u00ed, 26.<\/p>\n","protected":false},"excerpt":{"rendered":"<p>Ayer por la ma\u00f1ana, en directo en el programa La C\u00f3moda de Radio El Vendrell, se ha hecho el sorteo de los premios de la novena campa\u00f1a de dinamizaci\u00f3n comercial que tiene como eslogan &quot;BARRIOS ANTIGUOS. Compra y gana &quot;. La campa\u00f1a pretende incentivar las compras en los comercios de los n\u00facleos antiguos y todas [&hellip;]<\/p>\n","protected":false},"author":1,"featured_media":19821,"comment_status":"open","ping_status":"closed","sticky":false,"template":"","format":"standard","meta":{"_acf_changed":false,"_et_pb_use_builder":"","_et_pb_old_content":"","_et_gb_content_width":"","content-type":"","footnotes":""},"categories":[],"tags":[],"dipi_cpt_category":[],"class_list":["post-25269","post","type-post","status-publish","format-standard","has-post-thumbnail","hentry"],"acf":[],"_links":{"self":[{"href":"https:\/\/www.elvendrellturisme.com\/es\/wp-json\/wp\/v2\/posts\/25269","targetHints":{"allow":["GET"]}}],"collection":[{"href":"https:\/\/www.elvendrellturisme.com\/es\/wp-json\/wp\/v2\/posts"}],"about":[{"href":"https:\/\/www.elvendrellturisme.com\/es\/wp-json\/wp\/v2\/types\/post"}],"author":[{"embeddable":true,"href":"https:\/\/www.elvendrellturisme.com\/es\/wp-json\/wp\/v2\/users\/1"}],"replies":[{"embeddable":true,"href":"https:\/\/www.elvendrellturisme.com\/es\/wp-json\/wp\/v2\/comments?post=25269"}],"version-history":[{"count":0,"href":"https:\/\/www.elvendrellturisme.com\/es\/wp-json\/wp\/v2\/posts\/25269\/revisions"}],"wp:featuredmedia":[{"embeddable":true,"href":"https:\/\/www.elvendrellturisme.com\/es\/wp-json\/wp\/v2\/media\/19821"}],"wp:attachment":[{"href":"https:\/\/www.elvendrellturisme.com\/es\/wp-json\/wp\/v2\/media?parent=25269"}],"wp:term":[{"taxonomy":"category","embeddable":true,"href":"https:\/\/www.elvendrellturisme.com\/es\/wp-json\/wp\/v2\/categories?post=25269"},{"taxonomy":"post_tag","embeddable":true,"href":"https:\/\/www.elvendrellturisme.com\/es\/wp-json\/wp\/v2\/tags?post=25269"},{"taxonomy":"dipi_cpt_category","embeddable":true,"href":"https:\/\/www.elvendrellturisme.com\/es\/wp-json\/wp\/v2\/dipi_cpt_category?post=25269"}],"curies":[{"name":"wp","href":"https:\/\/api.w.org\/{rel}","templated":true}]}}