{"id":25275,"date":"2019-07-10T15:55:35","date_gmt":"2019-07-10T15:55:35","guid":{"rendered":"http:\/\/tv.dms3labs.cat\/el-vendrell-se-empieza-a-promocionar-como-capital-de-la-cultura-catalana-2020\/"},"modified":"2019-07-10T15:55:35","modified_gmt":"2019-07-10T15:55:35","slug":"el-vendrell-se-empieza-a-promocionar-como-capital-de-la-cultura-catalana-2020","status":"publish","type":"post","link":"https:\/\/www.elvendrellturisme.com\/es\/el-vendrell-se-empieza-a-promocionar-como-capital-de-la-cultura-catalana-2020\/","title":{"rendered":"El Vendrell se empieza a promocionar como Capital de la Cultura Catalana 2020"},"content":{"rendered":"<p>Con el objetivo de empezar a dar visibilidad al reto que tiene el Vendrell de ser la Capital de la Cultura Catalana 2020, se han instalado cuatro carteleras con la imagen de este gran evento en diferentes puntos del municipio.<\/p>\n<p>El alcalde de El Vendrell, Kenneth Mart\u00ednez, explic\u00f3 que &quot;este gran evento debe promocionar y situar, de forma definitiva, en el mapa cultural tanto a escala nacional como internacional.&quot; El alcalde tambi\u00e9n ha destacado que &quot;la capitalidad de la cultura catalana tiene una doble vertiente: uno de proyecci\u00f3n exterior y, a nivel interno, uno de cohesi\u00f3n a trav\u00e9s de unos valores, unos s\u00edmbolos y unos elementos culturales que unan toda la poblaci\u00f3n<\/p>\n<p>Por su parte, la concejala de Cultura, Silvia Vaquero ha hecho un repaso de las tareas que se han ido haciendo hasta ahora: &quot;Se han visitado otros municipios que han sido Capital de la Cultura Catalana, se han visto cu\u00e1les han sido las l\u00edneas de actuaci\u00f3n y se ha hablado con las entidades del Vendrell para recoger sus propuestas&quot;. Sobre la programaci\u00f3n, la concejala ha dicho que &quot;tenemos claro que se deben hacer tres actos principales, entre los que hay la inauguraci\u00f3n y el acto de clausura, y partir de octubre, aprovechando la Feria de Santa Teresa, se dar\u00e1n m\u00e1s detalles y, sobre todo, se explicar\u00e1 qu\u00e9 significa ser Capital de la Cultura Catalana para que todos se sientan part\u00edcipes de este gran evento &quot;.<\/p>\n<p>La campa\u00f1a de promoci\u00f3n se ha iniciado ahora en verano para aprovechar la gran afluencia de visitantes que tiene el municipio como destino tur\u00edstico.<\/p>\n","protected":false},"excerpt":{"rendered":"<p>Con el objetivo de empezar a dar visibilidad al reto que tiene el Vendrell de ser la Capital de la Cultura Catalana 2020, se han instalado cuatro carteleras con la imagen de este gran evento en diferentes puntos del municipio. El alcalde de El Vendrell, Kenneth Mart\u00ednez, explic\u00f3 que &quot;este gran evento debe promocionar y [&hellip;]<\/p>\n","protected":false},"author":1,"featured_media":19845,"comment_status":"open","ping_status":"closed","sticky":false,"template":"","format":"standard","meta":{"_acf_changed":false,"_et_pb_use_builder":"","_et_pb_old_content":"","_et_gb_content_width":"","content-type":"","footnotes":""},"categories":[],"tags":[],"dipi_cpt_category":[],"class_list":["post-25275","post","type-post","status-publish","format-standard","has-post-thumbnail","hentry"],"acf":[],"_links":{"self":[{"href":"https:\/\/www.elvendrellturisme.com\/es\/wp-json\/wp\/v2\/posts\/25275","targetHints":{"allow":["GET"]}}],"collection":[{"href":"https:\/\/www.elvendrellturisme.com\/es\/wp-json\/wp\/v2\/posts"}],"about":[{"href":"https:\/\/www.elvendrellturisme.com\/es\/wp-json\/wp\/v2\/types\/post"}],"author":[{"embeddable":true,"href":"https:\/\/www.elvendrellturisme.com\/es\/wp-json\/wp\/v2\/users\/1"}],"replies":[{"embeddable":true,"href":"https:\/\/www.elvendrellturisme.com\/es\/wp-json\/wp\/v2\/comments?post=25275"}],"version-history":[{"count":0,"href":"https:\/\/www.elvendrellturisme.com\/es\/wp-json\/wp\/v2\/posts\/25275\/revisions"}],"wp:featuredmedia":[{"embeddable":true,"href":"https:\/\/www.elvendrellturisme.com\/es\/wp-json\/wp\/v2\/media\/19845"}],"wp:attachment":[{"href":"https:\/\/www.elvendrellturisme.com\/es\/wp-json\/wp\/v2\/media?parent=25275"}],"wp:term":[{"taxonomy":"category","embeddable":true,"href":"https:\/\/www.elvendrellturisme.com\/es\/wp-json\/wp\/v2\/categories?post=25275"},{"taxonomy":"post_tag","embeddable":true,"href":"https:\/\/www.elvendrellturisme.com\/es\/wp-json\/wp\/v2\/tags?post=25275"},{"taxonomy":"dipi_cpt_category","embeddable":true,"href":"https:\/\/www.elvendrellturisme.com\/es\/wp-json\/wp\/v2\/dipi_cpt_category?post=25275"}],"curies":[{"name":"wp","href":"https:\/\/api.w.org\/{rel}","templated":true}]}}