{"id":25277,"date":"2019-07-12T17:18:05","date_gmt":"2019-07-12T17:18:05","guid":{"rendered":"http:\/\/tv.dms3labs.cat\/la-tienda-de-santa-ana-abre-sus-puertas\/"},"modified":"2019-07-12T17:18:05","modified_gmt":"2019-07-12T17:18:05","slug":"la-tienda-de-santa-ana-abre-sus-puertas","status":"publish","type":"post","link":"https:\/\/www.elvendrellturisme.com\/es\/la-tienda-de-santa-ana-abre-sus-puertas\/","title":{"rendered":"La tienda de Santa Ana abre sus puertas"},"content":{"rendered":"<p>Hoy, a las 7 de la tarde, la tienda de Santa Ana abrir\u00e1 sus puertas en La Fusteria (c \/ Mayor, 16).<\/p>\n<p>Este a\u00f1o, los Administradores de Santa Ana han preparado un photocall con la imagen del cartel de la Fiesta Mayor de El Vendrell 2019 y un sorteo vinculado a la Fiesta Mayor creado muy VENDRELLENCAMENT. Toda la informaci\u00f3n para participar en este sorteo se puede encontrar en las redes sociales @adsantanna y en la misma tienda.<\/p>\n<p>Aparte de poder adquirir todo el merchandising relacionado con la Fiesta Mayor 2019 (el librito para colorear, el cuento de la Fiesta Mayor, el Apadrina, el vino blanco Agna y el programa de colecci\u00f3n en formato de agenda 2019\/2020 ), la tienda tambi\u00e9n acoge una exposici\u00f3n de carteles desde 1975.<\/p>\n<p>Y desde hoy ya se puede consultar toda la programaci\u00f3n en la web www.elvendrellfestamajor.cat y a trav\u00e9s de la aplicaci\u00f3n para m\u00f3vil FMElVendrell19. En la web tambi\u00e9n hay una recopilaci\u00f3n de informaci\u00f3n sobre las fiestas mayores desde 1977.<\/p>\n<p>El concejal de Fiestas, Christian Soriano, ha agradecido el trabajo y el esfuerzo de los Administradores e invita a todos a visitar la tienda de Santa Ana, a consultar la web y descargarse la aplicaci\u00f3n en el m\u00f3vil para disfrutar al m\u00e1ximo de la Fiesta Mayor .<\/p>\n<p>La tienda de Santa Ana estar\u00e1 abierta hasta el 28 de julio, de lunes a s\u00e1bado, de 18 h a 20:30 h.<\/p>\n","protected":false},"excerpt":{"rendered":"<p>Hoy, a las 7 de la tarde, la tienda de Santa Ana abrir\u00e1 sus puertas en La Fusteria (c \/ Mayor, 16). Este a\u00f1o, los Administradores de Santa Ana han preparado un photocall con la imagen del cartel de la Fiesta Mayor de El Vendrell 2019 y un sorteo vinculado a la Fiesta Mayor creado [&hellip;]<\/p>\n","protected":false},"author":1,"featured_media":19853,"comment_status":"open","ping_status":"closed","sticky":false,"template":"","format":"standard","meta":{"_acf_changed":false,"_et_pb_use_builder":"","_et_pb_old_content":"","_et_gb_content_width":"","content-type":"","footnotes":""},"categories":[],"tags":[],"dipi_cpt_category":[],"class_list":["post-25277","post","type-post","status-publish","format-standard","has-post-thumbnail","hentry"],"acf":[],"_links":{"self":[{"href":"https:\/\/www.elvendrellturisme.com\/es\/wp-json\/wp\/v2\/posts\/25277","targetHints":{"allow":["GET"]}}],"collection":[{"href":"https:\/\/www.elvendrellturisme.com\/es\/wp-json\/wp\/v2\/posts"}],"about":[{"href":"https:\/\/www.elvendrellturisme.com\/es\/wp-json\/wp\/v2\/types\/post"}],"author":[{"embeddable":true,"href":"https:\/\/www.elvendrellturisme.com\/es\/wp-json\/wp\/v2\/users\/1"}],"replies":[{"embeddable":true,"href":"https:\/\/www.elvendrellturisme.com\/es\/wp-json\/wp\/v2\/comments?post=25277"}],"version-history":[{"count":0,"href":"https:\/\/www.elvendrellturisme.com\/es\/wp-json\/wp\/v2\/posts\/25277\/revisions"}],"wp:featuredmedia":[{"embeddable":true,"href":"https:\/\/www.elvendrellturisme.com\/es\/wp-json\/wp\/v2\/media\/19853"}],"wp:attachment":[{"href":"https:\/\/www.elvendrellturisme.com\/es\/wp-json\/wp\/v2\/media?parent=25277"}],"wp:term":[{"taxonomy":"category","embeddable":true,"href":"https:\/\/www.elvendrellturisme.com\/es\/wp-json\/wp\/v2\/categories?post=25277"},{"taxonomy":"post_tag","embeddable":true,"href":"https:\/\/www.elvendrellturisme.com\/es\/wp-json\/wp\/v2\/tags?post=25277"},{"taxonomy":"dipi_cpt_category","embeddable":true,"href":"https:\/\/www.elvendrellturisme.com\/es\/wp-json\/wp\/v2\/dipi_cpt_category?post=25277"}],"curies":[{"name":"wp","href":"https:\/\/api.w.org\/{rel}","templated":true}]}}