{"id":25280,"date":"2019-07-17T12:21:39","date_gmt":"2019-07-17T12:21:39","guid":{"rendered":"http:\/\/tv.dms3labs.cat\/la-sala-portal-del-pardo-acoge-a-partir-del-viernes-la-muestra-retratos-de-guerra-de-agusti-centelles\/"},"modified":"2019-07-17T12:21:39","modified_gmt":"2019-07-17T12:21:39","slug":"la-sala-portal-del-pardo-acoge-a-partir-del-viernes-la-muestra-retratos-de-guerra-de-agusti-centelles","status":"publish","type":"post","link":"https:\/\/www.elvendrellturisme.com\/es\/la-sala-portal-del-pardo-acoge-a-partir-del-viernes-la-muestra-retratos-de-guerra-de-agusti-centelles\/","title":{"rendered":"La Sala Portal del Pardo acoge a partir del viernes la muestra &quot;Retratos de guerra&quot; de Agust\u00ed Centelles"},"content":{"rendered":"<p>El pr\u00f3ximo viernes 19 de julio, a las 20h, en la Sala Portal del Pardo tendr\u00e1 lugar la inauguraci\u00f3n de la exposici\u00f3n &quot;Retratos de guerra&quot;, de Agust\u00ed Centelles.<\/p>\n<p>&quot;Retratos de Guerra&quot; exhibe una colecci\u00f3n de copias de autor que la Fundaci\u00f3n Vila Casas adquiri\u00f3 a los descendientes del primer fotoperiodista catal\u00e1n, Agust\u00ed Centelles (el Grau de Valencia, 1909-Barcelona, \u200b\u200b1985), en 2010, y que son custodiadas por el Archivo Fotogr\u00e1fico de Barcelona. La exposici\u00f3n, que abarca los primeros a\u00f1os de la Guerra Civil, se estructura en cinco cap\u00edtulos diferenciados tem\u00e1ticamente seg\u00fan la condici\u00f3n de los personajes retratados: el presidente Companys, pol\u00edticos, militares, dirigentes revolucionarios y ciudadanos.<\/p>\n<p>El comisario de la muestra, Daniel Giralt-Miracle, destaca el olfato period\u00edstico del autor, que era capaz de detectar al instante y, si era necesario, colocarse en primera l\u00ednea, adem\u00e1s de su gran cultura visual. Forma parte de esta cultura visual su afici\u00f3n al cine; sus fotograf\u00edas muestran unos encuadres y puntos de vista determinados, as\u00ed como un tratamiento expresionista de la luz y la voluntad de seguir una narrativa visual mediante series tem\u00e1ticas de fotograf\u00edas.<\/p>\n<p>La exposici\u00f3n permanecer\u00e1 abierta hasta el 24 de agosto de 2019. Se puede visitar en de lunes a viernes de 18 h a 20.30 h y s\u00e1bados de 11 h a 13 h y de 18 h a 20.30 h. La sala permanecer\u00e1 cerrada los domingos y festivos.<\/p>\n","protected":false},"excerpt":{"rendered":"<p>El pr\u00f3ximo viernes 19 de julio, a las 20h, en la Sala Portal del Pardo tendr\u00e1 lugar la inauguraci\u00f3n de la exposici\u00f3n &quot;Retratos de guerra&quot;, de Agust\u00ed Centelles. &quot;Retratos de Guerra&quot; exhibe una colecci\u00f3n de copias de autor que la Fundaci\u00f3n Vila Casas adquiri\u00f3 a los descendientes del primer fotoperiodista catal\u00e1n, Agust\u00ed Centelles (el Grau [&hellip;]<\/p>\n","protected":false},"author":1,"featured_media":19865,"comment_status":"open","ping_status":"closed","sticky":false,"template":"","format":"standard","meta":{"_acf_changed":false,"_et_pb_use_builder":"","_et_pb_old_content":"","_et_gb_content_width":"","content-type":"","footnotes":""},"categories":[],"tags":[],"dipi_cpt_category":[],"class_list":["post-25280","post","type-post","status-publish","format-standard","has-post-thumbnail","hentry"],"acf":[],"_links":{"self":[{"href":"https:\/\/www.elvendrellturisme.com\/es\/wp-json\/wp\/v2\/posts\/25280","targetHints":{"allow":["GET"]}}],"collection":[{"href":"https:\/\/www.elvendrellturisme.com\/es\/wp-json\/wp\/v2\/posts"}],"about":[{"href":"https:\/\/www.elvendrellturisme.com\/es\/wp-json\/wp\/v2\/types\/post"}],"author":[{"embeddable":true,"href":"https:\/\/www.elvendrellturisme.com\/es\/wp-json\/wp\/v2\/users\/1"}],"replies":[{"embeddable":true,"href":"https:\/\/www.elvendrellturisme.com\/es\/wp-json\/wp\/v2\/comments?post=25280"}],"version-history":[{"count":0,"href":"https:\/\/www.elvendrellturisme.com\/es\/wp-json\/wp\/v2\/posts\/25280\/revisions"}],"wp:featuredmedia":[{"embeddable":true,"href":"https:\/\/www.elvendrellturisme.com\/es\/wp-json\/wp\/v2\/media\/19865"}],"wp:attachment":[{"href":"https:\/\/www.elvendrellturisme.com\/es\/wp-json\/wp\/v2\/media?parent=25280"}],"wp:term":[{"taxonomy":"category","embeddable":true,"href":"https:\/\/www.elvendrellturisme.com\/es\/wp-json\/wp\/v2\/categories?post=25280"},{"taxonomy":"post_tag","embeddable":true,"href":"https:\/\/www.elvendrellturisme.com\/es\/wp-json\/wp\/v2\/tags?post=25280"},{"taxonomy":"dipi_cpt_category","embeddable":true,"href":"https:\/\/www.elvendrellturisme.com\/es\/wp-json\/wp\/v2\/dipi_cpt_category?post=25280"}],"curies":[{"name":"wp","href":"https:\/\/api.w.org\/{rel}","templated":true}]}}