{"id":25281,"date":"2019-07-19T08:25:41","date_gmt":"2019-07-19T08:25:41","guid":{"rendered":"http:\/\/tv.dms3labs.cat\/servicio-especial-de-bus-nocturno-para-la-fiesta-mayor\/"},"modified":"2019-07-19T08:25:41","modified_gmt":"2019-07-19T08:25:41","slug":"servicio-especial-de-bus-nocturno-para-la-fiesta-mayor","status":"publish","type":"post","link":"https:\/\/www.elvendrellturisme.com\/es\/servicio-especial-de-bus-nocturno-para-la-fiesta-mayor\/","title":{"rendered":"Servicio especial de bus nocturno para la Fiesta Mayor"},"content":{"rendered":"<p>La Fiesta Mayor de El Vendrell contar\u00e1 tambi\u00e9n este a\u00f1o con un servicio extraordinario de autob\u00fas de noche y madrugada. Ser\u00e1n dos l\u00edneas que unir\u00e1n n\u00facleos y barrios mar\u00edtimos y varios pueblos de la comarca y urbanizaciones con el centro del Vendrell. El objetivo que se persigue con esta iniciativa, en la que han colaborado Autocares Pened\u00e8s y DIGIMP, es facilitar la participaci\u00f3n en todos los actos de Santa Ana con la mayor seguridad posible.<\/p>\n<p>Esta ma\u00f1ana, el concejal de Fiestas, Christian Soriano, los Administradores de Santa Ana, y el gerente de Autocares Pened\u00e8s, Josep Sivill, han presentado las dos l\u00edneas y al mismo tiempo, han dado a conocer la imagen gr\u00e1fica de dos autobuses que han sido logotipados con la imagen de la Fiesta Mayor y con el cartel de los conciertos. Una acci\u00f3n que servir\u00e1 para promocionar la fiesta vendrellenca en todas las poblaciones donde prestan el servicio.<\/p>\n<p>El concreto, el servicio de buses nocturno funcionar\u00e1 los d\u00edas 25, 26 y 27 de julio. Por un lado, una l\u00ednea har\u00e1 el recorrido Roda de Bar\u00e1, El Franc\u00e0s, Coma-ruga, Sant Salvador y el Vendrell y viceversa, y la otra har\u00e1 el recorrido de Banyeres, L&#8217;Arbo\u00e7, Bellvei, Calafell, El Vendrell (el Ed\u00e9n Park, el Oasis y la Muntanyeta) y viceversa. El precio del bus nocturno ser\u00e1 de un euro por viaje y el punto de llegada y salida en el centro del Vendrell ser\u00e1 la estaci\u00f3n de autobuses de la Avenida Jaume Carner.<\/p>\n<p>Los horarios del bus nocturno de Fiesta Mayor se pueden consultar en la p\u00e1gina web y en el mismo programa de Fiesta Mayor: https:\/\/www.elvendrellfestamajor.cat.<\/p>\n","protected":false},"excerpt":{"rendered":"<p>La Fiesta Mayor de El Vendrell contar\u00e1 tambi\u00e9n este a\u00f1o con un servicio extraordinario de autob\u00fas de noche y madrugada. Ser\u00e1n dos l\u00edneas que unir\u00e1n n\u00facleos y barrios mar\u00edtimos y varios pueblos de la comarca y urbanizaciones con el centro del Vendrell. El objetivo que se persigue con esta iniciativa, en la que han colaborado [&hellip;]<\/p>\n","protected":false},"author":1,"featured_media":19869,"comment_status":"open","ping_status":"closed","sticky":false,"template":"","format":"standard","meta":{"_acf_changed":false,"_et_pb_use_builder":"","_et_pb_old_content":"","_et_gb_content_width":"","content-type":"","footnotes":""},"categories":[],"tags":[],"dipi_cpt_category":[],"class_list":["post-25281","post","type-post","status-publish","format-standard","has-post-thumbnail","hentry"],"acf":[],"_links":{"self":[{"href":"https:\/\/www.elvendrellturisme.com\/es\/wp-json\/wp\/v2\/posts\/25281","targetHints":{"allow":["GET"]}}],"collection":[{"href":"https:\/\/www.elvendrellturisme.com\/es\/wp-json\/wp\/v2\/posts"}],"about":[{"href":"https:\/\/www.elvendrellturisme.com\/es\/wp-json\/wp\/v2\/types\/post"}],"author":[{"embeddable":true,"href":"https:\/\/www.elvendrellturisme.com\/es\/wp-json\/wp\/v2\/users\/1"}],"replies":[{"embeddable":true,"href":"https:\/\/www.elvendrellturisme.com\/es\/wp-json\/wp\/v2\/comments?post=25281"}],"version-history":[{"count":0,"href":"https:\/\/www.elvendrellturisme.com\/es\/wp-json\/wp\/v2\/posts\/25281\/revisions"}],"wp:featuredmedia":[{"embeddable":true,"href":"https:\/\/www.elvendrellturisme.com\/es\/wp-json\/wp\/v2\/media\/19869"}],"wp:attachment":[{"href":"https:\/\/www.elvendrellturisme.com\/es\/wp-json\/wp\/v2\/media?parent=25281"}],"wp:term":[{"taxonomy":"category","embeddable":true,"href":"https:\/\/www.elvendrellturisme.com\/es\/wp-json\/wp\/v2\/categories?post=25281"},{"taxonomy":"post_tag","embeddable":true,"href":"https:\/\/www.elvendrellturisme.com\/es\/wp-json\/wp\/v2\/tags?post=25281"},{"taxonomy":"dipi_cpt_category","embeddable":true,"href":"https:\/\/www.elvendrellturisme.com\/es\/wp-json\/wp\/v2\/dipi_cpt_category?post=25281"}],"curies":[{"name":"wp","href":"https:\/\/api.w.org\/{rel}","templated":true}]}}