{"id":25284,"date":"2019-07-23T17:16:18","date_gmt":"2019-07-23T17:16:18","guid":{"rendered":"http:\/\/tv.dms3labs.cat\/los-conciertos-de-fiesta-mayor-contaran-con-un-punto-lila-informativo\/"},"modified":"2019-07-23T17:16:18","modified_gmt":"2019-07-23T17:16:18","slug":"los-conciertos-de-fiesta-mayor-contaran-con-un-punto-lila-informativo","status":"publish","type":"post","link":"https:\/\/www.elvendrellturisme.com\/es\/los-conciertos-de-fiesta-mayor-contaran-con-un-punto-lila-informativo\/","title":{"rendered":"Los conciertos de Fiesta Mayor contar\u00e1n con un punto lila informativo"},"content":{"rendered":"<p>Los conciertos de Fiesta Mayor de los d\u00edas 25, 26 y 27 de julio que tendr\u00e1n lugar en la zona del Botafoc tendr\u00e1n este a\u00f1o un punto lila informativo. El concejal de Pol\u00edticas de g\u00e9nero, igualdad y derechos LGTBIQ, Christian Soriano, los Administradores de Santa Ana, y las tres entidades que se har\u00e1n cargo de las barras de los conciertos de estos tres d\u00edas presentaron anoche esta nueva iniciativa.<\/p>\n<p>En una carpa debidamente identificada, junto al punto de venta de tickets, este punto lila de informaci\u00f3n servir\u00e1 para tener un espacio donde poder atender, en primera instancia, las posibles v\u00edctimas de cualquier tipo de agresi\u00f3n sexual, LGTBIf\u00f2bica o de discriminaci\u00f3n de cualquier tipo y hacer de enlace a cualquier servicio policial o sanitario que requieran.<\/p>\n<p>El concejal de Pol\u00edticas de g\u00e9nero, igualdad y derechos LGTBIQ, matiz\u00f3 el hecho de que el punto lila informativo de los conciertos de Fiesta Mayor &quot;no ser\u00e1 un punto lila al uso, porque no dispone todav\u00eda de personal t\u00e9cnico cualificado o de un protocolo espec\u00edfico, pero s\u00ed un punto de referencia y sensibilizaci\u00f3n y de informaci\u00f3n y ayuda a las personas que lo necesiten &quot;. &quot;Es un primer paso que se suma a la campa\u00f1a que presentamos hace unos d\u00edas&quot; El Vendrell: fiestas libres de agresiones sexuales &quot;, con el objetivo de poder disfrutar de unas fiestas libres de discriminaci\u00f3n y de violencia, en el que no haya ning\u00fan tipo de agresi\u00f3n LGTBIf\u00f2bica o machista en nuestro municipio &quot;.<\/p>\n<p>En concreto, el punto lila de informaci\u00f3n a cargo de los Runners El Vendrell, los Diablos de El Vendrell y los Nens del Vendrell, las tres entidades que llevar\u00e1n este a\u00f1o las barras de los conciertos del Botafoc. En el caso de los Ni\u00f1os, estos a\u00f1aden que suman esta colaboraci\u00f3n a la nueva Comisi\u00f3n de Equidad que est\u00e1n impulsando desde la &quot;colla&quot;.<\/p>\n<p>Por otra parte, al igual que ya se hizo el a\u00f1o pasado, durante la Fiesta Mayor, la Polic\u00eda Municipal tambi\u00e9n tendr\u00e1 una carpa en la zona de los conciertos del Botafoc para promover la prevenci\u00f3n de alcoholemia.<\/p>\n","protected":false},"excerpt":{"rendered":"<p>Los conciertos de Fiesta Mayor de los d\u00edas 25, 26 y 27 de julio que tendr\u00e1n lugar en la zona del Botafoc tendr\u00e1n este a\u00f1o un punto lila informativo. El concejal de Pol\u00edticas de g\u00e9nero, igualdad y derechos LGTBIQ, Christian Soriano, los Administradores de Santa Ana, y las tres entidades que se har\u00e1n cargo de [&hellip;]<\/p>\n","protected":false},"author":1,"featured_media":19881,"comment_status":"open","ping_status":"closed","sticky":false,"template":"","format":"standard","meta":{"_acf_changed":false,"_et_pb_use_builder":"","_et_pb_old_content":"","_et_gb_content_width":"","content-type":"","footnotes":""},"categories":[],"tags":[],"dipi_cpt_category":[],"class_list":["post-25284","post","type-post","status-publish","format-standard","has-post-thumbnail","hentry"],"acf":[],"_links":{"self":[{"href":"https:\/\/www.elvendrellturisme.com\/es\/wp-json\/wp\/v2\/posts\/25284","targetHints":{"allow":["GET"]}}],"collection":[{"href":"https:\/\/www.elvendrellturisme.com\/es\/wp-json\/wp\/v2\/posts"}],"about":[{"href":"https:\/\/www.elvendrellturisme.com\/es\/wp-json\/wp\/v2\/types\/post"}],"author":[{"embeddable":true,"href":"https:\/\/www.elvendrellturisme.com\/es\/wp-json\/wp\/v2\/users\/1"}],"replies":[{"embeddable":true,"href":"https:\/\/www.elvendrellturisme.com\/es\/wp-json\/wp\/v2\/comments?post=25284"}],"version-history":[{"count":0,"href":"https:\/\/www.elvendrellturisme.com\/es\/wp-json\/wp\/v2\/posts\/25284\/revisions"}],"wp:featuredmedia":[{"embeddable":true,"href":"https:\/\/www.elvendrellturisme.com\/es\/wp-json\/wp\/v2\/media\/19881"}],"wp:attachment":[{"href":"https:\/\/www.elvendrellturisme.com\/es\/wp-json\/wp\/v2\/media?parent=25284"}],"wp:term":[{"taxonomy":"category","embeddable":true,"href":"https:\/\/www.elvendrellturisme.com\/es\/wp-json\/wp\/v2\/categories?post=25284"},{"taxonomy":"post_tag","embeddable":true,"href":"https:\/\/www.elvendrellturisme.com\/es\/wp-json\/wp\/v2\/tags?post=25284"},{"taxonomy":"dipi_cpt_category","embeddable":true,"href":"https:\/\/www.elvendrellturisme.com\/es\/wp-json\/wp\/v2\/dipi_cpt_category?post=25284"}],"curies":[{"name":"wp","href":"https:\/\/api.w.org\/{rel}","templated":true}]}}