{"id":25287,"date":"2019-07-24T14:43:31","date_gmt":"2019-07-24T14:43:31","guid":{"rendered":"http:\/\/tv.dms3labs.cat\/ya-se-conocen-los-ganadores-del-sorteo-por-la-fiesta-mayor-sube-al-balcon\/"},"modified":"2019-07-24T14:43:31","modified_gmt":"2019-07-24T14:43:31","slug":"ya-se-conocen-los-ganadores-del-sorteo-por-la-fiesta-mayor-sube-al-balcon","status":"publish","type":"post","link":"https:\/\/www.elvendrellturisme.com\/es\/ya-se-conocen-los-ganadores-del-sorteo-por-la-fiesta-mayor-sube-al-balcon\/","title":{"rendered":"Ya se conocen los ganadores del sorteo &quot;Por la fiesta mayor, sube al balc\u00f3n&quot;"},"content":{"rendered":"<p>Hoy, al mediod\u00eda, en la Sala de Plenos, se ha realizado el sorteo p\u00fablico para escoger los ganadores de las dos plazas, con un acompa\u00f1ante cada una, para acceder al balc\u00f3n del Ayuntamiento de El Vendrell el viernes 26 de julio, desde la llegada de la Pasacalles de cultura popular hasta el final de la actuaci\u00f3n castellera.<\/p>\n<p>El alcalde, Kenneth Mart\u00ednez, acompa\u00f1ado de una mano inocente que ha extra\u00eddo los boletos, ha dado a conocer las personas afortunadas. Estas han sido Noelia Salinas Mercad\u00e9 y Bilal El Gazi Ahnin.<\/p>\n<p>En el sorteo tambi\u00e9n se han extra\u00eddo dos boletos de reserva para utilizarse en caso de producirse alguna baja en los titulares del premio.<\/p>\n<p>Del 1 al 22 de julio se han recogido las inscripciones para participar en el sorteo. En total, este a\u00f1o se han inscrito 91 personas, creciendo la participaci\u00f3n del a\u00f1o pasado, que registr\u00f3 52 inscripciones. De las 91 personas inscritas, 46 lo han hecho a trav\u00e9s del formulario de Internet, 38 a trav\u00e9s de los boletos depositados en el Ayuntamiento, 4 boletos depositados en la Oficina de Turismo de Comarruga y 3 boletos depositadas en el CIT.<\/p>\n","protected":false},"excerpt":{"rendered":"<p>Hoy, al mediod\u00eda, en la Sala de Plenos, se ha realizado el sorteo p\u00fablico para escoger los ganadores de las dos plazas, con un acompa\u00f1ante cada una, para acceder al balc\u00f3n del Ayuntamiento de El Vendrell el viernes 26 de julio, desde la llegada de la Pasacalles de cultura popular hasta el final de la [&hellip;]<\/p>\n","protected":false},"author":1,"featured_media":19894,"comment_status":"open","ping_status":"closed","sticky":false,"template":"","format":"standard","meta":{"_acf_changed":false,"_et_pb_use_builder":"","_et_pb_old_content":"","_et_gb_content_width":"","content-type":"","footnotes":""},"categories":[],"tags":[],"dipi_cpt_category":[],"class_list":["post-25287","post","type-post","status-publish","format-standard","has-post-thumbnail","hentry"],"acf":[],"_links":{"self":[{"href":"https:\/\/www.elvendrellturisme.com\/es\/wp-json\/wp\/v2\/posts\/25287","targetHints":{"allow":["GET"]}}],"collection":[{"href":"https:\/\/www.elvendrellturisme.com\/es\/wp-json\/wp\/v2\/posts"}],"about":[{"href":"https:\/\/www.elvendrellturisme.com\/es\/wp-json\/wp\/v2\/types\/post"}],"author":[{"embeddable":true,"href":"https:\/\/www.elvendrellturisme.com\/es\/wp-json\/wp\/v2\/users\/1"}],"replies":[{"embeddable":true,"href":"https:\/\/www.elvendrellturisme.com\/es\/wp-json\/wp\/v2\/comments?post=25287"}],"version-history":[{"count":0,"href":"https:\/\/www.elvendrellturisme.com\/es\/wp-json\/wp\/v2\/posts\/25287\/revisions"}],"wp:featuredmedia":[{"embeddable":true,"href":"https:\/\/www.elvendrellturisme.com\/es\/wp-json\/wp\/v2\/media\/19894"}],"wp:attachment":[{"href":"https:\/\/www.elvendrellturisme.com\/es\/wp-json\/wp\/v2\/media?parent=25287"}],"wp:term":[{"taxonomy":"category","embeddable":true,"href":"https:\/\/www.elvendrellturisme.com\/es\/wp-json\/wp\/v2\/categories?post=25287"},{"taxonomy":"post_tag","embeddable":true,"href":"https:\/\/www.elvendrellturisme.com\/es\/wp-json\/wp\/v2\/tags?post=25287"},{"taxonomy":"dipi_cpt_category","embeddable":true,"href":"https:\/\/www.elvendrellturisme.com\/es\/wp-json\/wp\/v2\/dipi_cpt_category?post=25287"}],"curies":[{"name":"wp","href":"https:\/\/api.w.org\/{rel}","templated":true}]}}