{"id":25288,"date":"2019-07-31T16:08:49","date_gmt":"2019-07-31T16:08:49","guid":{"rendered":"http:\/\/tv.dms3labs.cat\/listo-el-19o-torneo-de-futbol-in-memoriam-salva-ribas\/"},"modified":"2019-07-31T16:08:49","modified_gmt":"2019-07-31T16:08:49","slug":"listo-el-19o-torneo-de-futbol-in-memoriam-salva-ribas","status":"publish","type":"post","link":"https:\/\/www.elvendrellturisme.com\/es\/listo-el-19o-torneo-de-futbol-in-memoriam-salva-ribas\/","title":{"rendered":"Listo el 19\u00ba Torneo de f\u00fatbol &quot;in memoriam&quot; Salva Ribas"},"content":{"rendered":"<p>El fin de semana del 3 y 4 de agosto, el campo Josep Bov\u00e9 del CE Vendrell acoger\u00e1 el 19\u00ba Torneo &quot;in memoriam&quot; Salva Ribas.<\/p>\n<p>El pasado lunes 29 de julio se present\u00f3 en una rueda de prensa en la Sala de Plenos del Ayuntamiento del Vendrell, que cont\u00f3 con la presencia del alcalde del Vendrell, Kenneth Mart\u00ednez; el concejal de Deportes, Rub\u00e9n Gr\u00e0cia; el padre de Salva Ribas y miembro de la junta de la AE &quot;in memoriam&quot; Salva Ribas; los miembros de la entidad Antonio Nicol\u00e1s y Jero Merino, y el presidente de la Pe\u00f1a Blaugrana de Comarruga, Josep Maldonado.<\/p>\n<p>En concreto, el s\u00e1bado 3 de agosto, se jugar\u00e1n los partidos de categor\u00eda Juvenil: a las 17 h, CF Damm-CF Villafranca, y a las 19 h, el RCD Espanyol-CFB Marc Bartra. El domingo 4 de agosto, a las 17h, se realizar\u00e1 el partido por el 3\u00ba y 4\u00ba puesto de la clasificaci\u00f3n y, a las 19 h, se jugar\u00e1 la final.<\/p>\n<p>El domingo, cuando finalice el primer partido, tendr\u00e1 lugar el minuto de silencio en memoria de Salva Ribas; una breve actuaci\u00f3n de un\/a alumno\/a del EMMPAC que interpretar\u00e1 &quot;El cant dels ocells&quot; y una actuaci\u00f3n de los castellers Els Bous de la Bisbal. Tambi\u00e9n se har\u00e1 un servicio de honor y en la rueda de prensa de presentaci\u00f3n se anunci\u00f3 que este a\u00f1o lo har\u00eda Josep Maldonado.<\/p>\n<p>A\u00f1o tras a\u00f1o, este Torneo en recuerdo del joven futbolista de la Bisbal del Pened\u00e8s, fallecido en accidente hace 19 a\u00f1os, y que hab\u00eda jugado en equipos como el Vendrell, el Espanyol y la Damm, se ha ido consolidando ya como un referente en la comarca y en toda Catalu\u00f1a.<\/p>\n<p>El alcalde del Vendrell, Kenneth Mart\u00ednez, agradeci\u00f3 la colaboraci\u00f3n de las empresas, entidades y personas que colaboran para hacer posible este torneo en memoria de Salva Ribas; destac\u00f3 la participaci\u00f3n de equipos de categor\u00eda Juvenil de clubes importantes al inicio de la pretemporada, y dese\u00f3 que sea todo un \u00e9xito.<\/p>\n<p>La entrada al Torneo es gratuita.<\/p>\n","protected":false},"excerpt":{"rendered":"<p>El fin de semana del 3 y 4 de agosto, el campo Josep Bov\u00e9 del CE Vendrell acoger\u00e1 el 19\u00ba Torneo &quot;in memoriam&quot; Salva Ribas. El pasado lunes 29 de julio se present\u00f3 en una rueda de prensa en la Sala de Plenos del Ayuntamiento del Vendrell, que cont\u00f3 con la presencia del alcalde del [&hellip;]<\/p>\n","protected":false},"author":1,"featured_media":19898,"comment_status":"open","ping_status":"closed","sticky":false,"template":"","format":"standard","meta":{"_acf_changed":false,"_et_pb_use_builder":"","_et_pb_old_content":"","_et_gb_content_width":"","content-type":"","footnotes":""},"categories":[],"tags":[],"dipi_cpt_category":[],"class_list":["post-25288","post","type-post","status-publish","format-standard","has-post-thumbnail","hentry"],"acf":[],"_links":{"self":[{"href":"https:\/\/www.elvendrellturisme.com\/es\/wp-json\/wp\/v2\/posts\/25288","targetHints":{"allow":["GET"]}}],"collection":[{"href":"https:\/\/www.elvendrellturisme.com\/es\/wp-json\/wp\/v2\/posts"}],"about":[{"href":"https:\/\/www.elvendrellturisme.com\/es\/wp-json\/wp\/v2\/types\/post"}],"author":[{"embeddable":true,"href":"https:\/\/www.elvendrellturisme.com\/es\/wp-json\/wp\/v2\/users\/1"}],"replies":[{"embeddable":true,"href":"https:\/\/www.elvendrellturisme.com\/es\/wp-json\/wp\/v2\/comments?post=25288"}],"version-history":[{"count":0,"href":"https:\/\/www.elvendrellturisme.com\/es\/wp-json\/wp\/v2\/posts\/25288\/revisions"}],"wp:featuredmedia":[{"embeddable":true,"href":"https:\/\/www.elvendrellturisme.com\/es\/wp-json\/wp\/v2\/media\/19898"}],"wp:attachment":[{"href":"https:\/\/www.elvendrellturisme.com\/es\/wp-json\/wp\/v2\/media?parent=25288"}],"wp:term":[{"taxonomy":"category","embeddable":true,"href":"https:\/\/www.elvendrellturisme.com\/es\/wp-json\/wp\/v2\/categories?post=25288"},{"taxonomy":"post_tag","embeddable":true,"href":"https:\/\/www.elvendrellturisme.com\/es\/wp-json\/wp\/v2\/tags?post=25288"},{"taxonomy":"dipi_cpt_category","embeddable":true,"href":"https:\/\/www.elvendrellturisme.com\/es\/wp-json\/wp\/v2\/dipi_cpt_category?post=25288"}],"curies":[{"name":"wp","href":"https:\/\/api.w.org\/{rel}","templated":true}]}}