{"id":25289,"date":"2019-07-31T16:29:06","date_gmt":"2019-07-31T16:29:06","guid":{"rendered":"http:\/\/tv.dms3labs.cat\/el-22o-torneo-eduard-manchon-presenta-la-novedad-de-un-partido-de-futbol-femenino\/"},"modified":"2019-07-31T16:29:06","modified_gmt":"2019-07-31T16:29:06","slug":"el-22o-torneo-eduard-manchon-presenta-la-novedad-de-un-partido-de-futbol-femenino","status":"publish","type":"post","link":"https:\/\/www.elvendrellturisme.com\/es\/el-22o-torneo-eduard-manchon-presenta-la-novedad-de-un-partido-de-futbol-femenino\/","title":{"rendered":"El 22\u00ba Torneo Eduard Manch\u00f3n presenta la novedad de un partido de f\u00fatbol femenino"},"content":{"rendered":"<p>La playa de Comarruga acoger\u00e1 este pr\u00f3ximo s\u00e1bado 3 de agosto, por la tarde, la 22\u00aa edici\u00f3n del Torneo de f\u00fatbol playa Eduard Manch\u00f3n y el 9\u00ba Memorial dedicado al c\u00e9lebre extremo del Bar\u00e7a, organizado por la Pe\u00f1a Barcelonista de Comarruga, con el apoyo de la Concejal\u00eda de Deportes del Ayuntamiento del Vendrell.<\/p>\n<p>En el acto de presentaci\u00f3n del evento, en la Sala de Plenos del Ayuntamiento del Vendrell, asistieron el alcalde del Vendrell, Kenneth Mart\u00ednez; el concejal de Deportes, Rub\u00e9n Gr\u00e0cia; el presidente de la Pe\u00f1a Barcelonista de Comarruga, Josep Maldonado; una representante del FC Barcelona Femenino, Esther Imaz, y una representante del Banco de Sangre, N\u00faria Vilanova.<\/p>\n<p>En lo deportivo, el Torneo comenzar\u00e1 a las 15:30 h con un partido entre dos equipos formados por jugadoras veteranas del FC Barcelona. Sobre este partido, en palabras de Josep Maldonado, &quot;la presencia del f\u00fatbol femenino era una de las asignaturas pendientes del Torneo y este a\u00f1o se podr\u00e1 disfrutar de su juego&quot;. Esther Imaz, por su parte, expres\u00f3 que &quot;nos hace mucha ilusi\u00f3n participar&quot;.<\/p>\n<p>A las 16:30 h tendr\u00e1 lugar el partido entre equipos de veteranos del Bar\u00e7a +55. Y a las 18:30 h se jugar\u00e1 el partido entre el equipo de la Pe\u00f1a Barcelonista de Coma-ruga y el Star Team. En este &quot;equipo de las estrellas&quot; se podr\u00e1n ver caras conocidas como Eusebio, Calder\u00e9, Nogu\u00e9s y Archibald. Y en el saque de honor, con 15 o 20 pelotas en medio del campo, habr\u00e1 personas famosas como Luis del Olmo, el cantante vendrellense Pemi Fortuny y Pilar Calvo, entre otros.<\/p>\n<p>Este a\u00f1o, tambi\u00e9n est\u00e1 prevista una breve exhibici\u00f3n de malabarismo con el bal\u00f3n a cargo de Josep Farrera Freestyle. Y como siempre, el Torneo no faltar\u00e1 tampoco la presencia de las Cheerleaders del Bar\u00e7a, de una charanga, del &quot;Drac Arcaic&quot; y de los castellers Nens del Vendrell. A lo largo del Torneo tambi\u00e9n habr\u00e1 un momento de homenaje a S\u00e1ndor Kocsis. Y se contar\u00e1 con la presencia de Lucrecia que cantar\u00e1 dos canciones desde el medio del campo.<\/p>\n<p>Como ya es habitual, el Torneo Eduard Manch\u00f3n tambi\u00e9n acompa\u00f1a este 2019 de una vertiente solidaria: lo har\u00e1 colaborando un a\u00f1o m\u00e1s con el Banco de Sangre y animando a todos los asistentes al torneo a dar sangre, dado que durante el verano las donaciones bajan por el cambio de h\u00e1bitos de la poblaci\u00f3n, cuando cada d\u00eda en Catalu\u00f1a se necesitan unas 1.000 donaciones. N\u00faria Vilanova ha explicado que &quot;este mismo d\u00eda tambi\u00e9n habr\u00e1 una unidad m\u00f3vil del Banco de Sangre en el n\u00facleo mar\u00edtimo de Sant Salvador&quot;.<\/p>\n<p>La carpa solidaria tendr\u00e1 dos presencias m\u00e1s: por un lado, la ONG Deporte Solidario Internacional, fundada y presidida por Josep Maldonado, y que trabaja en proyectos solidarios para ni\u00f1os en situaci\u00f3n de marginaci\u00f3n; y, por otra parte, el T\u00edbet, con la presencia de dos lamas que difundir\u00e1n el mensaje de &quot;Di\u00e1logo, paz y libertad&quot; como pilar fundamental para resolver su conflicto con China.<\/p>\n<p>Tanto el alcalde como el concejal de Deportes han mostrado la satisfacci\u00f3n del Ayuntamiento del Vendrell de poder colaborar un a\u00f1o m\u00e1s en la organizaci\u00f3n de este Torneo que, seg\u00fan palabras de Kenneth Mart\u00ednez, &quot;es uno de los eventos deportivos , culturales y l\u00fadicos m\u00e1s importantes que se celebran en la Costa Daurada, el cual nos ayuda a promocionar el Vendrell y los n\u00facleos mar\u00edtimos de Comarruga, Sant Salvador y el Franc\u00e0s como destinos tur\u00edsticos &quot;.<\/p>\n","protected":false},"excerpt":{"rendered":"<p>La playa de Comarruga acoger\u00e1 este pr\u00f3ximo s\u00e1bado 3 de agosto, por la tarde, la 22\u00aa edici\u00f3n del Torneo de f\u00fatbol playa Eduard Manch\u00f3n y el 9\u00ba Memorial dedicado al c\u00e9lebre extremo del Bar\u00e7a, organizado por la Pe\u00f1a Barcelonista de Comarruga, con el apoyo de la Concejal\u00eda de Deportes del Ayuntamiento del Vendrell. En el [&hellip;]<\/p>\n","protected":false},"author":1,"featured_media":19902,"comment_status":"open","ping_status":"closed","sticky":false,"template":"","format":"standard","meta":{"_acf_changed":false,"_et_pb_use_builder":"","_et_pb_old_content":"","_et_gb_content_width":"","content-type":"","footnotes":""},"categories":[],"tags":[],"dipi_cpt_category":[],"class_list":["post-25289","post","type-post","status-publish","format-standard","has-post-thumbnail","hentry"],"acf":[],"_links":{"self":[{"href":"https:\/\/www.elvendrellturisme.com\/es\/wp-json\/wp\/v2\/posts\/25289","targetHints":{"allow":["GET"]}}],"collection":[{"href":"https:\/\/www.elvendrellturisme.com\/es\/wp-json\/wp\/v2\/posts"}],"about":[{"href":"https:\/\/www.elvendrellturisme.com\/es\/wp-json\/wp\/v2\/types\/post"}],"author":[{"embeddable":true,"href":"https:\/\/www.elvendrellturisme.com\/es\/wp-json\/wp\/v2\/users\/1"}],"replies":[{"embeddable":true,"href":"https:\/\/www.elvendrellturisme.com\/es\/wp-json\/wp\/v2\/comments?post=25289"}],"version-history":[{"count":0,"href":"https:\/\/www.elvendrellturisme.com\/es\/wp-json\/wp\/v2\/posts\/25289\/revisions"}],"wp:featuredmedia":[{"embeddable":true,"href":"https:\/\/www.elvendrellturisme.com\/es\/wp-json\/wp\/v2\/media\/19902"}],"wp:attachment":[{"href":"https:\/\/www.elvendrellturisme.com\/es\/wp-json\/wp\/v2\/media?parent=25289"}],"wp:term":[{"taxonomy":"category","embeddable":true,"href":"https:\/\/www.elvendrellturisme.com\/es\/wp-json\/wp\/v2\/categories?post=25289"},{"taxonomy":"post_tag","embeddable":true,"href":"https:\/\/www.elvendrellturisme.com\/es\/wp-json\/wp\/v2\/tags?post=25289"},{"taxonomy":"dipi_cpt_category","embeddable":true,"href":"https:\/\/www.elvendrellturisme.com\/es\/wp-json\/wp\/v2\/dipi_cpt_category?post=25289"}],"curies":[{"name":"wp","href":"https:\/\/api.w.org\/{rel}","templated":true}]}}