{"id":25290,"date":"2019-08-01T15:59:52","date_gmt":"2019-08-01T15:59:52","guid":{"rendered":"http:\/\/tv.dms3labs.cat\/fiesta-nocturna-en-familia-en-la-piscina-del-club-tenis\/"},"modified":"2019-08-01T15:59:52","modified_gmt":"2019-08-01T15:59:52","slug":"fiesta-nocturna-en-familia-en-la-piscina-del-club-tenis","status":"publish","type":"post","link":"https:\/\/www.elvendrellturisme.com\/es\/fiesta-nocturna-en-familia-en-la-piscina-del-club-tenis\/","title":{"rendered":"Fiesta nocturna en familia en la piscina del Club Tenis"},"content":{"rendered":"<p>Los viernes 9, 15, 23 y 30 de agosto, de las 22 h hasta la 1 h, el Complejo Deportivo Club Tenis El Vendrell abrir\u00e1 sus puertas para disfrutar de una fiesta en familia en la piscina.<\/p>\n<p>Se trata de una iniciativa que surge del Ayuntamiento del Vendrell para dinamizar a\u00fan m\u00e1s el ocio nocturno de la ciudad. El concejal de Fiestas, Christian Soriano, ha manifestado que &quot;es una oportunidad para los vendrellenses de venir a la piscina a hacer un ba\u00f1o nocturno en familia&quot;. El concejal de Deportes, Rub\u00e9n Gr\u00e0cia, ha a\u00f1adido que &quot;habr\u00e1 un servicio de barra, sin bebidas alcoh\u00f3licas, y actividades para los ni\u00f1os&quot;.<\/p>\n<p>La entrada, que se puede comprar de forma anticipada en el Centro c\u00edvico La Estaci\u00f3n y en el mismo complejo de la piscina descubierta, tiene un precio de 2,5 euros. El aforo es limitado.<\/p>\n","protected":false},"excerpt":{"rendered":"<p>Los viernes 9, 15, 23 y 30 de agosto, de las 22 h hasta la 1 h, el Complejo Deportivo Club Tenis El Vendrell abrir\u00e1 sus puertas para disfrutar de una fiesta en familia en la piscina. Se trata de una iniciativa que surge del Ayuntamiento del Vendrell para dinamizar a\u00fan m\u00e1s el ocio nocturno [&hellip;]<\/p>\n","protected":false},"author":1,"featured_media":19906,"comment_status":"open","ping_status":"closed","sticky":false,"template":"","format":"standard","meta":{"_acf_changed":false,"_et_pb_use_builder":"","_et_pb_old_content":"","_et_gb_content_width":"","content-type":"","footnotes":""},"categories":[],"tags":[],"dipi_cpt_category":[],"class_list":["post-25290","post","type-post","status-publish","format-standard","has-post-thumbnail","hentry"],"acf":[],"_links":{"self":[{"href":"https:\/\/www.elvendrellturisme.com\/es\/wp-json\/wp\/v2\/posts\/25290","targetHints":{"allow":["GET"]}}],"collection":[{"href":"https:\/\/www.elvendrellturisme.com\/es\/wp-json\/wp\/v2\/posts"}],"about":[{"href":"https:\/\/www.elvendrellturisme.com\/es\/wp-json\/wp\/v2\/types\/post"}],"author":[{"embeddable":true,"href":"https:\/\/www.elvendrellturisme.com\/es\/wp-json\/wp\/v2\/users\/1"}],"replies":[{"embeddable":true,"href":"https:\/\/www.elvendrellturisme.com\/es\/wp-json\/wp\/v2\/comments?post=25290"}],"version-history":[{"count":0,"href":"https:\/\/www.elvendrellturisme.com\/es\/wp-json\/wp\/v2\/posts\/25290\/revisions"}],"wp:featuredmedia":[{"embeddable":true,"href":"https:\/\/www.elvendrellturisme.com\/es\/wp-json\/wp\/v2\/media\/19906"}],"wp:attachment":[{"href":"https:\/\/www.elvendrellturisme.com\/es\/wp-json\/wp\/v2\/media?parent=25290"}],"wp:term":[{"taxonomy":"category","embeddable":true,"href":"https:\/\/www.elvendrellturisme.com\/es\/wp-json\/wp\/v2\/categories?post=25290"},{"taxonomy":"post_tag","embeddable":true,"href":"https:\/\/www.elvendrellturisme.com\/es\/wp-json\/wp\/v2\/tags?post=25290"},{"taxonomy":"dipi_cpt_category","embeddable":true,"href":"https:\/\/www.elvendrellturisme.com\/es\/wp-json\/wp\/v2\/dipi_cpt_category?post=25290"}],"curies":[{"name":"wp","href":"https:\/\/api.w.org\/{rel}","templated":true}]}}