{"id":25299,"date":"2019-08-20T14:58:47","date_gmt":"2019-08-20T14:58:47","guid":{"rendered":"http:\/\/tv.dms3labs.cat\/llamamiento-a-la-colaboracion-ciudadana-para-la-recuperacion-de-los-gigantes-del-vendrell\/"},"modified":"2019-08-20T14:58:47","modified_gmt":"2019-08-20T14:58:47","slug":"llamamiento-a-la-colaboracion-ciudadana-para-la-recuperacion-de-los-gigantes-del-vendrell","status":"publish","type":"post","link":"https:\/\/www.elvendrellturisme.com\/es\/llamamiento-a-la-colaboracion-ciudadana-para-la-recuperacion-de-los-gigantes-del-vendrell\/","title":{"rendered":"Llamamiento a la colaboraci\u00f3n ciudadana para la recuperaci\u00f3n de los gigantes del Vendrell"},"content":{"rendered":"<p>Este pasado fin de semana se han llevado el remolque con los gigantes Salvador y Teresa, que estaba en la nave de La Cometa.<\/p>\n<p>Es un remolque de m\u00e1s de 5 metros con dibujos de los gigantes y los cabezudos, y los gigantes estaban dentro.<\/p>\n<p>Se pide colaboraci\u00f3n ciudadana para su recuperaci\u00f3n. Si alguien lo ve, hay que ponerse en contacto con la Polic\u00eda Municipal del Vendrell en el tel. 977154444, o llamar al 112.<\/p>\n<p>Hoy al mediod\u00eda, en el Ayuntamiento del Vendrell, tendr\u00e1 lugar una reuni\u00f3n con cuerpos de seguridad y la entidad Gegants del Vendrell para hacer un seguimiento del operativo de recuperaci\u00f3n de los gigantes Salvador y Teresa.<\/p>\n","protected":false},"excerpt":{"rendered":"<p>Este pasado fin de semana se han llevado el remolque con los gigantes Salvador y Teresa, que estaba en la nave de La Cometa. Es un remolque de m\u00e1s de 5 metros con dibujos de los gigantes y los cabezudos, y los gigantes estaban dentro. Se pide colaboraci\u00f3n ciudadana para su recuperaci\u00f3n. Si alguien lo [&hellip;]<\/p>\n","protected":false},"author":1,"featured_media":19942,"comment_status":"open","ping_status":"closed","sticky":false,"template":"","format":"standard","meta":{"_acf_changed":false,"_et_pb_use_builder":"","_et_pb_old_content":"","_et_gb_content_width":"","content-type":"","footnotes":""},"categories":[],"tags":[],"dipi_cpt_category":[],"class_list":["post-25299","post","type-post","status-publish","format-standard","has-post-thumbnail","hentry"],"acf":[],"_links":{"self":[{"href":"https:\/\/www.elvendrellturisme.com\/es\/wp-json\/wp\/v2\/posts\/25299","targetHints":{"allow":["GET"]}}],"collection":[{"href":"https:\/\/www.elvendrellturisme.com\/es\/wp-json\/wp\/v2\/posts"}],"about":[{"href":"https:\/\/www.elvendrellturisme.com\/es\/wp-json\/wp\/v2\/types\/post"}],"author":[{"embeddable":true,"href":"https:\/\/www.elvendrellturisme.com\/es\/wp-json\/wp\/v2\/users\/1"}],"replies":[{"embeddable":true,"href":"https:\/\/www.elvendrellturisme.com\/es\/wp-json\/wp\/v2\/comments?post=25299"}],"version-history":[{"count":0,"href":"https:\/\/www.elvendrellturisme.com\/es\/wp-json\/wp\/v2\/posts\/25299\/revisions"}],"wp:featuredmedia":[{"embeddable":true,"href":"https:\/\/www.elvendrellturisme.com\/es\/wp-json\/wp\/v2\/media\/19942"}],"wp:attachment":[{"href":"https:\/\/www.elvendrellturisme.com\/es\/wp-json\/wp\/v2\/media?parent=25299"}],"wp:term":[{"taxonomy":"category","embeddable":true,"href":"https:\/\/www.elvendrellturisme.com\/es\/wp-json\/wp\/v2\/categories?post=25299"},{"taxonomy":"post_tag","embeddable":true,"href":"https:\/\/www.elvendrellturisme.com\/es\/wp-json\/wp\/v2\/tags?post=25299"},{"taxonomy":"dipi_cpt_category","embeddable":true,"href":"https:\/\/www.elvendrellturisme.com\/es\/wp-json\/wp\/v2\/dipi_cpt_category?post=25299"}],"curies":[{"name":"wp","href":"https:\/\/api.w.org\/{rel}","templated":true}]}}