{"id":25303,"date":"2019-08-21T15:27:09","date_gmt":"2019-08-21T15:27:09","guid":{"rendered":"http:\/\/tv.dms3labs.cat\/a-punto-xiv-semana-de-las-personas-mayores-del-vendrell\/"},"modified":"2019-08-21T15:27:09","modified_gmt":"2019-08-21T15:27:09","slug":"a-punto-xiv-semana-de-las-personas-mayores-del-vendrell","status":"publish","type":"post","link":"https:\/\/www.elvendrellturisme.com\/es\/a-punto-xiv-semana-de-las-personas-mayores-del-vendrell\/","title":{"rendered":"A punto XIV Semana de las Personas Mayores del Vendrell"},"content":{"rendered":"<p>La Semana de las Personas Mayores del Vendrell se celebrar\u00e1 este a\u00f1o del 16 al 21 de septiembre. Este tradicional encuentro cumple ya catorce a\u00f1os y tiene un programa de actividades que incluye una caminata, charlas, un espect\u00e1culo y una comida de hermandad.<\/p>\n<p>Para algunos de los actos hay que realizar inscripci\u00f3n previa en el \u00c1rea de Mayores, en el Esplai del T\u00edvoli o en las asociaciones de personas mayores, y el plazo para hacerlo finaliza el 5 de septiembre.<\/p>\n<p>Las actividades comenzar\u00e1n el lunes 16 de septiembre con una caminata popular, con desayuno gratuito incluido, que har\u00e1 el recorrido El Vendrell &#8211; Mon La Bassa &#8211; Camino Ed\u00e8n Park &#8211; Plaza del Mercado. La salida ser\u00e1 desde el Monumento de los Castellers y durante el recorrido se visitar\u00e1 la reserva de animales de Mon La Bassa. Es necesario realizar inscripci\u00f3n previa.<\/p>\n<p>Otra de las propuestas ser\u00e1 unas charlas sobre &quot;Lo que debe saber del insomnio&quot;, a cargo de la farmac\u00e9utica Carme Mestres. Estas charlas se realizar\u00e1n el martes 17 de septiembre en la Asociaci\u00f3n de &quot;Gent Gran El Tancat&quot;, el mi\u00e9rcoles 18 de septiembre en la Asociaci\u00f3n de &quot;Gent Gran del Vendrell&quot; (T\u00edvoli) y el jueves 19 de septiembre en la Asociaci\u00f3n de Jubilados y Pensionistas de los Barrios Mar\u00edtimos (Comarruga) y el 26 de octubre en la Asociaci\u00f3n de &quot;Gent Gran del Vendrell&quot; (T\u00edvoli). El horario es a las 11 h y son gratuitas.<\/p>\n<p>El viernes 20 de septiembre, a las 17 h, en la Asociaci\u00f3n de &quot;Gent Gran del Vendrell&quot; (T\u00edvoli), se realizar\u00e1 un espect\u00e1culo de playback a cargo del grupo Cel Obert de Torredembarra. La actividad tambi\u00e9n es gratuita.<\/p>\n<p>Y el s\u00e1bado 21 de septiembre se har\u00e1 la comida de hermandad en un restaurante de Alcover. La salida ser\u00e1 a las 12:30 h, en el Monumento a los Castellers, y la vuelta ser\u00e1 a las 19 h. El precio de la comida y del autocar es de 15 euros. Es necesario realizar inscripci\u00f3n previa.<\/p>\n<p>La Semana de las Personas Mayores dell Vendrell est\u00e1 organizada por el \u00c1rea de &quot;Gent Gran&quot; del Ayuntamiento del Vendrell en colaboraci\u00f3n con las cuatro asociaciones de personas mayores del municipio (la Asociaci\u00f3n de &quot;Gent Gran del Vendrell&quot;, la Asociaci\u00f3n de &quot;Gent Gran del Tancat&quot;, la Asociaci\u00f3n de Jubilados y Pensionistas de los barrios mar\u00edtimos y la Asociaci\u00f3n de Jubilados y Pensionistas del Vendrell).<\/p>\n","protected":false},"excerpt":{"rendered":"<p>La Semana de las Personas Mayores del Vendrell se celebrar\u00e1 este a\u00f1o del 16 al 21 de septiembre. Este tradicional encuentro cumple ya catorce a\u00f1os y tiene un programa de actividades que incluye una caminata, charlas, un espect\u00e1culo y una comida de hermandad. Para algunos de los actos hay que realizar inscripci\u00f3n previa en el [&hellip;]<\/p>\n","protected":false},"author":1,"featured_media":19958,"comment_status":"open","ping_status":"closed","sticky":false,"template":"","format":"standard","meta":{"_acf_changed":false,"_et_pb_use_builder":"","_et_pb_old_content":"","_et_gb_content_width":"","content-type":"","footnotes":""},"categories":[],"tags":[],"dipi_cpt_category":[],"class_list":["post-25303","post","type-post","status-publish","format-standard","has-post-thumbnail","hentry"],"acf":[],"_links":{"self":[{"href":"https:\/\/www.elvendrellturisme.com\/es\/wp-json\/wp\/v2\/posts\/25303","targetHints":{"allow":["GET"]}}],"collection":[{"href":"https:\/\/www.elvendrellturisme.com\/es\/wp-json\/wp\/v2\/posts"}],"about":[{"href":"https:\/\/www.elvendrellturisme.com\/es\/wp-json\/wp\/v2\/types\/post"}],"author":[{"embeddable":true,"href":"https:\/\/www.elvendrellturisme.com\/es\/wp-json\/wp\/v2\/users\/1"}],"replies":[{"embeddable":true,"href":"https:\/\/www.elvendrellturisme.com\/es\/wp-json\/wp\/v2\/comments?post=25303"}],"version-history":[{"count":0,"href":"https:\/\/www.elvendrellturisme.com\/es\/wp-json\/wp\/v2\/posts\/25303\/revisions"}],"wp:featuredmedia":[{"embeddable":true,"href":"https:\/\/www.elvendrellturisme.com\/es\/wp-json\/wp\/v2\/media\/19958"}],"wp:attachment":[{"href":"https:\/\/www.elvendrellturisme.com\/es\/wp-json\/wp\/v2\/media?parent=25303"}],"wp:term":[{"taxonomy":"category","embeddable":true,"href":"https:\/\/www.elvendrellturisme.com\/es\/wp-json\/wp\/v2\/categories?post=25303"},{"taxonomy":"post_tag","embeddable":true,"href":"https:\/\/www.elvendrellturisme.com\/es\/wp-json\/wp\/v2\/tags?post=25303"},{"taxonomy":"dipi_cpt_category","embeddable":true,"href":"https:\/\/www.elvendrellturisme.com\/es\/wp-json\/wp\/v2\/dipi_cpt_category?post=25303"}],"curies":[{"name":"wp","href":"https:\/\/api.w.org\/{rel}","templated":true}]}}