{"id":25309,"date":"2019-08-28T20:06:02","date_gmt":"2019-08-28T20:06:02","guid":{"rendered":"http:\/\/tv.dms3labs.cat\/los-lunes-al-mag-cierra-la-temporada-de-verano-con-exito-de-asistencia\/"},"modified":"2019-08-28T20:06:02","modified_gmt":"2019-08-28T20:06:02","slug":"los-lunes-al-mag-cierra-la-temporada-de-verano-con-exito-de-asistencia","status":"publish","type":"post","link":"https:\/\/www.elvendrellturisme.com\/es\/los-lunes-al-mag-cierra-la-temporada-de-verano-con-exito-de-asistencia\/","title":{"rendered":"&quot;Los lunes al MAG&quot; cierra la temporada de verano con \u00e9xito de asistencia"},"content":{"rendered":"<p>Este verano el Museo \u00c0ngel Guimer\u00e0 ha acogido un nuevo ciclo con el nombre de &quot;ELS DILLUNS AL M\u00c0G&quot;; cuatro propuestas diferentes que han girado en torno a la figura del dramaturgo vendrellense, \u00c0ngel Guimer\u00e0, las cuales han tenido \u00e9xito de asistencia.<\/p>\n<p>Tal como indica el nombre del ciclo, las actividades se han llevado a cabo los lunes de julio y agosto, a las 20 h. A pesar de ser un d\u00eda que, habitualmente, los museos tienen las puertas cerradas por descanso, las responsables del museo decidieron arriesgarse a ofrecer estos espect\u00e1culos el primer d\u00eda de la semana, ya que era el d\u00eda que normalmente no se hac\u00eda ning\u00fan acto en el municipio, y quer\u00edan complementar la oferta cultural de la zona con nuevas actividades.<\/p>\n<p>As\u00ed pues, en el Museo \u00c0ngel Guimer\u00e0 se ha podido disfrutar de los espect\u00e1culos &quot;Una visita musical para una vida teatral&quot;, con el divulgador musical David Puertas; &quot;Terra Baixa en esencia&quot;, con el actor Jordi Mateu; la &quot;Visita teatralizada de Mar\u00eda Rosa&quot;, con la compa\u00f1\u00eda teatral Amelie Produccions, y el &quot;Recital de poemas de Guimer\u00e0 contra la injusticia&quot;, con los rapsodas Joan Gibert y Janet Riambau y el m\u00fasico Jordi Molin\u00e9, con un gran \u00e9xito de asistencia. La buena acogida que tuvieron las propuestas, hizo que se abrieran dos sesiones m\u00e1s a las 22 h los dos \u00faltimos lunes de agosto, agotando las entradas. El p\u00fablico asistente, que destac\u00f3 la alta calidad de las actividades, pudo disfrutar, adem\u00e1s, de una copa de vino del Pened\u00e8s al finalizar cada sesi\u00f3n.<\/p>\n<p>La organizaci\u00f3n valora muy positivamente la buena acogida de este primer ciclo de espect\u00e1culos, y ya est\u00e1 preparando una nueva programaci\u00f3n de cara a este oto\u00f1o, con novedades que tambi\u00e9n se abrir\u00e1n al p\u00fablico familiar.<\/p>\n","protected":false},"excerpt":{"rendered":"<p>Este verano el Museo \u00c0ngel Guimer\u00e0 ha acogido un nuevo ciclo con el nombre de &quot;ELS DILLUNS AL M\u00c0G&quot;; cuatro propuestas diferentes que han girado en torno a la figura del dramaturgo vendrellense, \u00c0ngel Guimer\u00e0, las cuales han tenido \u00e9xito de asistencia. Tal como indica el nombre del ciclo, las actividades se han llevado a [&hellip;]<\/p>\n","protected":false},"author":1,"featured_media":19983,"comment_status":"open","ping_status":"closed","sticky":false,"template":"","format":"standard","meta":{"_acf_changed":false,"_et_pb_use_builder":"","_et_pb_old_content":"","_et_gb_content_width":"","content-type":"","footnotes":""},"categories":[],"tags":[],"dipi_cpt_category":[],"class_list":["post-25309","post","type-post","status-publish","format-standard","has-post-thumbnail","hentry"],"acf":[],"_links":{"self":[{"href":"https:\/\/www.elvendrellturisme.com\/es\/wp-json\/wp\/v2\/posts\/25309","targetHints":{"allow":["GET"]}}],"collection":[{"href":"https:\/\/www.elvendrellturisme.com\/es\/wp-json\/wp\/v2\/posts"}],"about":[{"href":"https:\/\/www.elvendrellturisme.com\/es\/wp-json\/wp\/v2\/types\/post"}],"author":[{"embeddable":true,"href":"https:\/\/www.elvendrellturisme.com\/es\/wp-json\/wp\/v2\/users\/1"}],"replies":[{"embeddable":true,"href":"https:\/\/www.elvendrellturisme.com\/es\/wp-json\/wp\/v2\/comments?post=25309"}],"version-history":[{"count":0,"href":"https:\/\/www.elvendrellturisme.com\/es\/wp-json\/wp\/v2\/posts\/25309\/revisions"}],"wp:featuredmedia":[{"embeddable":true,"href":"https:\/\/www.elvendrellturisme.com\/es\/wp-json\/wp\/v2\/media\/19983"}],"wp:attachment":[{"href":"https:\/\/www.elvendrellturisme.com\/es\/wp-json\/wp\/v2\/media?parent=25309"}],"wp:term":[{"taxonomy":"category","embeddable":true,"href":"https:\/\/www.elvendrellturisme.com\/es\/wp-json\/wp\/v2\/categories?post=25309"},{"taxonomy":"post_tag","embeddable":true,"href":"https:\/\/www.elvendrellturisme.com\/es\/wp-json\/wp\/v2\/tags?post=25309"},{"taxonomy":"dipi_cpt_category","embeddable":true,"href":"https:\/\/www.elvendrellturisme.com\/es\/wp-json\/wp\/v2\/dipi_cpt_category?post=25309"}],"curies":[{"name":"wp","href":"https:\/\/api.w.org\/{rel}","templated":true}]}}